{"id":36725,"date":"2025-05-20T19:33:09","date_gmt":"2025-05-21T01:33:09","guid":{"rendered":"https:\/\/gerardoduque.com.mx\/?p=36725"},"modified":"2025-05-20T19:33:17","modified_gmt":"2025-05-21T01:33:17","slug":"hay-denuncias-ante-la-fiscalia-pero-siguen-libres-los-torturadores-de-abuelitos","status":"publish","type":"post","link":"https:\/\/gerardoduque.com.mx\/?p=36725","title":{"rendered":"HAY DENUNCIAS ANTE LA FISCAL\u00cdA, PERO SIGUEN LIBRES LOS TORTURADORES DE ABUELITOS"},"content":{"rendered":"\n<p>A seis d\u00edas de viralizarse los videos de maltratos f\u00edsicos y humillaciones que sufr\u00edan adultos mayores en un asilo en la capital potosina, la Fiscal\u00eda General del E<a><\/a>stado sigue sin informar sobre avances significativos en el caso.<\/p>\n\n\n\n<p>No hay un s\u00f3lo detenido y la FGE ni siquiera ha reconocido que existan \u00f3rdenes de aprehensi\u00f3n giradas en contra de las personas que atacaban f\u00edsica, verbal y emocionalmente a los abuelitos que viv\u00edan su retiro dentro de la denominada \u00abResidencia Santa Sof\u00eda\u201d.<\/p>\n\n\n\n<p>Al hacerse p\u00fablicos -por redes sociales y medios de comunicaci\u00f3n- los videos que exhiben la crueldad y el maltrato hacia los abuelitos, la FGE debi\u00f3 iniciar inmediatamente una investigaci\u00f3n y evitar que se dieran a la fuga las personas involucradas.<\/p>\n\n\n\n<p>Al paso de los d\u00edas, tanto familiares de los adultos mayores que eran golpeados, como testigos presenciales de las agresiones, han acudido a presentar denuncias penales a la Fiscal\u00eda General del Estado. De ello, tenemos constancia.<\/p>\n\n\n\n<p>Manuela Garc\u00eda C\u00e1zares -titular de la FGE- no ha dado a conocer cu\u00e1les son los delitos que se desprenden de los hechos que revelan los videos grabados dentro del asilo \u201cSanta Sof\u00eda\u201d.<\/p>\n\n\n\n<p>En tanto, tambi\u00e9n se sigue a la espera de los an\u00e1lisis cl\u00ednicos que les fueron practicados a los abuelitos, para confirmar o descartar si se les suministr\u00f3 medicamento de uso veterinario.<\/p>\n\n\n\n<p>Sobre la posible operaci\u00f3n de m\u00e1s casas de asistencia donde los abuelitos puedan estar siendo violentados, Mar\u00eda Manuela Garc\u00eda C\u00e1zares dijo que ante la Fiscal\u00eda General del Estado no ha llegado alguna otra denuncia similar.<\/p>\n","protected":false},"excerpt":{"rendered":"<p>La FGE no ha precisado si se conoce el paradero de los involucrados <\/p>\n","protected":false},"author":4,"featured_media":36727,"comment_status":"closed","ping_status":"closed","sticky":false,"template":"","format":"standard","meta":{"_et_pb_use_builder":"off","_et_pb_old_content":"","_et_gb_content_width":"","footnotes":""},"categories":[412,62],"tags":[],"class_list":["post-36725","post","type-post","status-publish","format-standard","has-post-thumbnail","hentry","category-destacado","category-redaccion"],"_links":{"self":[{"href":"https:\/\/gerardoduque.com.mx\/index.php?rest_route=\/wp\/v2\/posts\/36725","targetHints":{"allow":["GET"]}}],"collection":[{"href":"https:\/\/gerardoduque.com.mx\/index.php?rest_route=\/wp\/v2\/posts"}],"about":[{"href":"https:\/\/gerardoduque.com.mx\/index.php?rest_route=\/wp\/v2\/types\/post"}],"author":[{"embeddable":true,"href":"https:\/\/gerardoduque.com.mx\/index.php?rest_route=\/wp\/v2\/users\/4"}],"replies":[{"embeddable":true,"href":"https:\/\/gerardoduque.com.mx\/index.php?rest_route=%2Fwp%2Fv2%2Fcomments&post=36725"}],"version-history":[{"count":0,"href":"https:\/\/gerardoduque.com.mx\/index.php?rest_route=\/wp\/v2\/posts\/36725\/revisions"}],"wp:featuredmedia":[{"embeddable":true,"href":"https:\/\/gerardoduque.com.mx\/index.php?rest_route=\/wp\/v2\/media\/36727"}],"wp:attachment":[{"href":"https:\/\/gerardoduque.com.mx\/index.php?rest_route=%2Fwp%2Fv2%2Fmedia&parent=36725"}],"wp:term":[{"taxonomy":"category","embeddable":true,"href":"https:\/\/gerardoduque.com.mx\/index.php?rest_route=%2Fwp%2Fv2%2Fcategories&post=36725"},{"taxonomy":"post_tag","embeddable":true,"href":"https:\/\/gerardoduque.com.mx\/index.php?rest_route=%2Fwp%2Fv2%2Ftags&post=36725"}],"curies":[{"name":"wp","href":"https:\/\/api.w.org\/{rel}","templated":true}]}}