{"id":36685,"date":"2025-05-19T18:38:11","date_gmt":"2025-05-20T00:38:11","guid":{"rendered":"https:\/\/gerardoduque.com.mx\/?p=36685"},"modified":"2025-05-19T18:38:18","modified_gmt":"2025-05-20T00:38:18","slug":"fiscalia-no-encuentra-a-torturadores-de-abuelitos","status":"publish","type":"post","link":"https:\/\/gerardoduque.com.mx\/?p=36685","title":{"rendered":"FISCAL\u00cdA NO ENCUENTRA A TORTURADORES DE ABUELITOS"},"content":{"rendered":"\n<p>Sigue sin ser localizada la propietaria del asilo \u201cSanta Sof\u00eda\u201d, donde los residentes eran v\u00edctimas de diversos abusos por parte de los cuidadores, en la capital potosina.<\/p>\n\n\n\n<p><strong><em>\u201cAl haber cerrado el lugar, no la hemos podido localizar\u201d<\/em><\/strong>, dijo este lunes la titular de la Fiscal\u00eda General del Estado.<\/p>\n\n\n\n<p>Manuela Garc\u00eda C\u00e1zares, detall\u00f3 que la FGE sigue a la espera de&nbsp;las pruebas realizadas a los abuelitos que fueron rescatados, para confirmar o descartar el si se les suministr\u00f3 medicamento para uso veterinario.<\/p>\n\n\n\n<p>Tambi\u00e9n se\u00f1al\u00f3 que se contin\u00faa integrando la carpeta de investigaci\u00f3n, a fin de determinar los&nbsp;delitos&nbsp;que se desprenden de los hechos que fueron expuestos en videos.<\/p>\n\n\n\n<p>Sobre la posible operaci\u00f3n de m\u00e1s casas de asistencia donde los abuelitos puedan estar siendo violentados, Mar\u00eda Manuela Garc\u00eda C\u00e1zares dijo que ante la Fiscal\u00eda General del Estado no ha llegado alguna otra denuncia similar.<\/p>\n","protected":false},"excerpt":{"rendered":"<p>Las FGE tampoco inform\u00f3 avances de an\u00e1lisis cl\u00ednicos ni de peritajes <\/p>\n","protected":false},"author":4,"featured_media":36686,"comment_status":"closed","ping_status":"closed","sticky":false,"template":"","format":"standard","meta":{"_et_pb_use_builder":"off","_et_pb_old_content":"","_et_gb_content_width":"","footnotes":""},"categories":[412,62],"tags":[],"class_list":["post-36685","post","type-post","status-publish","format-standard","has-post-thumbnail","hentry","category-destacado","category-redaccion"],"_links":{"self":[{"href":"https:\/\/gerardoduque.com.mx\/index.php?rest_route=\/wp\/v2\/posts\/36685","targetHints":{"allow":["GET"]}}],"collection":[{"href":"https:\/\/gerardoduque.com.mx\/index.php?rest_route=\/wp\/v2\/posts"}],"about":[{"href":"https:\/\/gerardoduque.com.mx\/index.php?rest_route=\/wp\/v2\/types\/post"}],"author":[{"embeddable":true,"href":"https:\/\/gerardoduque.com.mx\/index.php?rest_route=\/wp\/v2\/users\/4"}],"replies":[{"embeddable":true,"href":"https:\/\/gerardoduque.com.mx\/index.php?rest_route=%2Fwp%2Fv2%2Fcomments&post=36685"}],"version-history":[{"count":0,"href":"https:\/\/gerardoduque.com.mx\/index.php?rest_route=\/wp\/v2\/posts\/36685\/revisions"}],"wp:featuredmedia":[{"embeddable":true,"href":"https:\/\/gerardoduque.com.mx\/index.php?rest_route=\/wp\/v2\/media\/36686"}],"wp:attachment":[{"href":"https:\/\/gerardoduque.com.mx\/index.php?rest_route=%2Fwp%2Fv2%2Fmedia&parent=36685"}],"wp:term":[{"taxonomy":"category","embeddable":true,"href":"https:\/\/gerardoduque.com.mx\/index.php?rest_route=%2Fwp%2Fv2%2Fcategories&post=36685"},{"taxonomy":"post_tag","embeddable":true,"href":"https:\/\/gerardoduque.com.mx\/index.php?rest_route=%2Fwp%2Fv2%2Ftags&post=36685"}],"curies":[{"name":"wp","href":"https:\/\/api.w.org\/{rel}","templated":true}]}}