{"id":36672,"date":"2025-05-19T10:38:55","date_gmt":"2025-05-19T16:38:55","guid":{"rendered":"https:\/\/gerardoduque.com.mx\/?p=36672"},"modified":"2025-05-19T10:39:03","modified_gmt":"2025-05-19T16:39:03","slug":"enrique-galindo-no-sera-candidato-a-gobernador","status":"publish","type":"post","link":"https:\/\/gerardoduque.com.mx\/?p=36672","title":{"rendered":"ENRIQUE GALINDO NO SER\u00c1 CANDIDATO A GOBERNADOR"},"content":{"rendered":"\n<p>Personas del c\u00edrculo \u00edntimo al alcalde de San Luis Potos\u00ed confirman que Enrique Galindo Ceballos ha desistido de su intenci\u00f3n por convertirse en candidato a gobernador en 2027.<\/p>\n\n\n\n<p>Los supuestos \u00ablogros\u00bb ensalzados en las encuestas pagadas por Galindo no han podido contrarrestar el hartazgo de los ciudadanos, debido a la extrema inseguridad en el municipio que gobierna y a la crisis en los servicios p\u00fablicos.<\/p>\n\n\n\n<p>Enrique Galindo ahora intenta buscar una posici\u00f3n dentro del gobierno federal; un puesto que le lleve a cambiar su residencia a la Ciudad de M\u00e9xico para hacer lo menos penosa e indigna su partida de San Luis Potos\u00ed.<\/p>\n\n\n\n<p>Esta expectativa de Enrique Galindo es muy dif\u00edcil de lograr, pues para la propia Claudia Sheinbaum seria un lastre adherir al gobierno que encabeza, a uno m\u00e1s de quienes por d\u00e9cadas han pertenecido al PRI.<\/p>\n\n\n\n<p>Adem\u00e1s, a Enrique Galindo le persiguen casos grav\u00edsimos de represi\u00f3n social y matanzas, como las perpetradas en el estado de Michoac\u00e1n cuando \u00e9l fung\u00eda como Comisionado Nacional de la Polic\u00edas Federal en el sexenio de Enrique Pe\u00f1a Nieto.<\/p>\n","protected":false},"excerpt":{"rendered":"<p>Pretende encontrar un cargo dentro del gobierno de Sheinbaum <\/p>\n","protected":false},"author":4,"featured_media":36673,"comment_status":"closed","ping_status":"closed","sticky":false,"template":"","format":"standard","meta":{"_et_pb_use_builder":"off","_et_pb_old_content":"","_et_gb_content_width":"","footnotes":""},"categories":[412,62],"tags":[],"class_list":["post-36672","post","type-post","status-publish","format-standard","has-post-thumbnail","hentry","category-destacado","category-redaccion"],"_links":{"self":[{"href":"https:\/\/gerardoduque.com.mx\/index.php?rest_route=\/wp\/v2\/posts\/36672","targetHints":{"allow":["GET"]}}],"collection":[{"href":"https:\/\/gerardoduque.com.mx\/index.php?rest_route=\/wp\/v2\/posts"}],"about":[{"href":"https:\/\/gerardoduque.com.mx\/index.php?rest_route=\/wp\/v2\/types\/post"}],"author":[{"embeddable":true,"href":"https:\/\/gerardoduque.com.mx\/index.php?rest_route=\/wp\/v2\/users\/4"}],"replies":[{"embeddable":true,"href":"https:\/\/gerardoduque.com.mx\/index.php?rest_route=%2Fwp%2Fv2%2Fcomments&post=36672"}],"version-history":[{"count":0,"href":"https:\/\/gerardoduque.com.mx\/index.php?rest_route=\/wp\/v2\/posts\/36672\/revisions"}],"wp:featuredmedia":[{"embeddable":true,"href":"https:\/\/gerardoduque.com.mx\/index.php?rest_route=\/wp\/v2\/media\/36673"}],"wp:attachment":[{"href":"https:\/\/gerardoduque.com.mx\/index.php?rest_route=%2Fwp%2Fv2%2Fmedia&parent=36672"}],"wp:term":[{"taxonomy":"category","embeddable":true,"href":"https:\/\/gerardoduque.com.mx\/index.php?rest_route=%2Fwp%2Fv2%2Fcategories&post=36672"},{"taxonomy":"post_tag","embeddable":true,"href":"https:\/\/gerardoduque.com.mx\/index.php?rest_route=%2Fwp%2Fv2%2Ftags&post=36672"}],"curies":[{"name":"wp","href":"https:\/\/api.w.org\/{rel}","templated":true}]}}