{"id":36661,"date":"2025-05-18T19:59:23","date_gmt":"2025-05-19T01:59:23","guid":{"rendered":"https:\/\/gerardoduque.com.mx\/?p=36661"},"modified":"2025-05-18T19:59:32","modified_gmt":"2025-05-19T01:59:32","slug":"suspenden-encuentros-deportivos-en-valles-por-el-calor-extremo","status":"publish","type":"post","link":"https:\/\/gerardoduque.com.mx\/?p=36661","title":{"rendered":"SUSPENDEN ENCUENTROS DEPORTIVOS EN VALLES POR EL CALOR EXTREMO"},"content":{"rendered":"\n<p>Este fin de semana las temperaturas muy altas continuaron afectando a gran parte del territorio potosino.<\/p>\n\n\n\n<p>San Luis Potos\u00ed est\u00e1 entre las entidades del pa\u00eds con \u201cambiente muy caluroso\u201d, reporta la Comisi\u00f3n Nacional del Agua.<\/p>\n\n\n\n<p>La onda de calor, los incendios y los vientos fuertes mantienen en alerta a la poblaci\u00f3n en las cuatro zonas del estado.<\/p>\n\n\n\n<p>En algunos municipios de la huasteca potosina la sensaci\u00f3n t\u00e9rmica a la intemperie ha sido cercana a los cincuenta grados Celsius.&nbsp;<\/p>\n\n\n\n<p>En tanto, en la zona Media y la regi\u00f3n Altiplano del estado se prev\u00e9 que en las siguientes horas el term\u00f3metro seguir\u00e1 rondando los cuarenta grados Celsius.<\/p>\n\n\n\n<p>De acuerdo a lo informado por la Coordinaci\u00f3n Estatal de Protecci\u00f3n Civil, la onda de calor extremo continuar\u00e1 afectando al estado de San Luis Potos\u00ed tambi\u00e9n durante la semana entrante.<\/p>\n\n\n\n<p>Este fin de semana, en Ciudad Valles las autoridades municipales hicieron un llamado para que fueran suspendidos los encuentro deportivos agendados.<\/p>\n\n\n\n<p>Algunas ligas atendieron a la recomendaci\u00f3n y otras reprogramaron los partidos para horas de la noche.<\/p>\n","protected":false},"excerpt":{"rendered":"<p>Este fin de semana las temperaturas muy altas continuaron afectando a gran parte del territorio potosino. San Luis Potos\u00ed est\u00e1 entre las entidades del pa\u00eds con \u201cambiente muy caluroso\u201d, reporta la Comisi\u00f3n Nacional del Agua. La onda de calor, los incendios y los vientos fuertes mantienen en alerta a la poblaci\u00f3n en las cuatro zonas [&hellip;]<\/p>\n","protected":false},"author":4,"featured_media":36662,"comment_status":"closed","ping_status":"closed","sticky":false,"template":"","format":"standard","meta":{"_et_pb_use_builder":"off","_et_pb_old_content":"","_et_gb_content_width":"","footnotes":""},"categories":[412,62],"tags":[],"class_list":["post-36661","post","type-post","status-publish","format-standard","has-post-thumbnail","hentry","category-destacado","category-redaccion"],"_links":{"self":[{"href":"https:\/\/gerardoduque.com.mx\/index.php?rest_route=\/wp\/v2\/posts\/36661","targetHints":{"allow":["GET"]}}],"collection":[{"href":"https:\/\/gerardoduque.com.mx\/index.php?rest_route=\/wp\/v2\/posts"}],"about":[{"href":"https:\/\/gerardoduque.com.mx\/index.php?rest_route=\/wp\/v2\/types\/post"}],"author":[{"embeddable":true,"href":"https:\/\/gerardoduque.com.mx\/index.php?rest_route=\/wp\/v2\/users\/4"}],"replies":[{"embeddable":true,"href":"https:\/\/gerardoduque.com.mx\/index.php?rest_route=%2Fwp%2Fv2%2Fcomments&post=36661"}],"version-history":[{"count":0,"href":"https:\/\/gerardoduque.com.mx\/index.php?rest_route=\/wp\/v2\/posts\/36661\/revisions"}],"wp:featuredmedia":[{"embeddable":true,"href":"https:\/\/gerardoduque.com.mx\/index.php?rest_route=\/wp\/v2\/media\/36662"}],"wp:attachment":[{"href":"https:\/\/gerardoduque.com.mx\/index.php?rest_route=%2Fwp%2Fv2%2Fmedia&parent=36661"}],"wp:term":[{"taxonomy":"category","embeddable":true,"href":"https:\/\/gerardoduque.com.mx\/index.php?rest_route=%2Fwp%2Fv2%2Fcategories&post=36661"},{"taxonomy":"post_tag","embeddable":true,"href":"https:\/\/gerardoduque.com.mx\/index.php?rest_route=%2Fwp%2Fv2%2Ftags&post=36661"}],"curies":[{"name":"wp","href":"https:\/\/api.w.org\/{rel}","templated":true}]}}