{"id":36657,"date":"2025-05-18T19:49:40","date_gmt":"2025-05-19T01:49:40","guid":{"rendered":"https:\/\/gerardoduque.com.mx\/?p=36657"},"modified":"2025-05-18T19:49:51","modified_gmt":"2025-05-19T01:49:51","slug":"ex-funcionario-de-xavier-nava-cae-por-presunto-abuso-sexual","status":"publish","type":"post","link":"https:\/\/gerardoduque.com.mx\/?p=36657","title":{"rendered":"EX FUNCIONARIO DE XAVIER NAVA CAE POR PRESUNTO ABUSO SEXUAL"},"content":{"rendered":"\n<p>Ricardo \u201cN\u201d fue detenido en la zona metropolitana de la capital potosina por su presunta participaci\u00f3n en el delito de abuso sexual calificado<\/p>\n\n\n\n<p>La Fiscal\u00eda General del Estado indic\u00f3 que Ricardo \u201cN\u201d es se\u00f1alado de agraviar sexualmente a un ni\u00f1o de seis a\u00f1os de edad, de identidad reservada.<\/p>\n\n\n\n<p>Ricardo \u201cN\u201d se desempe\u00f1\u00f3 como director de INTERAPAS durante la administraci\u00f3n municipal que encabez\u00f3 Xavier Nava en San Luis Potos\u00ed.<\/p>\n\n\n\n<p>La Fiscal\u00eda Especializada en Atenci\u00f3n de la Mujer, la Familia y Delitos Sexuales dirigi\u00f3 las acciones penales en contra de este individuo, hasta que fue requerido por un Juez de control.<\/p>\n\n\n\n<p>El mandato que suscribe la aprehensi\u00f3n de dicho sujeto fue cumplimentado por la Polic\u00eda de Investigaci\u00f3n (PDI) entre las calles de Cordillera Central y Oriental, en la capital potosina.<\/p>\n\n\n\n<p>Tras su detenci\u00f3n, Ricardo \u201cN\u201d fue certificado m\u00e9dicamente y trasladado al centro penitenciario ubicado en la delegaci\u00f3n La Pila; en pr\u00f3ximas horas el capturado ser\u00e1 conducido a su audiencia inicial donde se buscar\u00e1 su debida vinculaci\u00f3n a proceso.<\/p>\n","protected":false},"excerpt":{"rendered":"<p>A\u00f1os atr\u00e1s fue director de INTERAPAS <\/p>\n","protected":false},"author":4,"featured_media":36658,"comment_status":"closed","ping_status":"closed","sticky":false,"template":"","format":"standard","meta":{"_et_pb_use_builder":"off","_et_pb_old_content":"","_et_gb_content_width":"","footnotes":""},"categories":[412,62],"tags":[],"class_list":["post-36657","post","type-post","status-publish","format-standard","has-post-thumbnail","hentry","category-destacado","category-redaccion"],"_links":{"self":[{"href":"https:\/\/gerardoduque.com.mx\/index.php?rest_route=\/wp\/v2\/posts\/36657","targetHints":{"allow":["GET"]}}],"collection":[{"href":"https:\/\/gerardoduque.com.mx\/index.php?rest_route=\/wp\/v2\/posts"}],"about":[{"href":"https:\/\/gerardoduque.com.mx\/index.php?rest_route=\/wp\/v2\/types\/post"}],"author":[{"embeddable":true,"href":"https:\/\/gerardoduque.com.mx\/index.php?rest_route=\/wp\/v2\/users\/4"}],"replies":[{"embeddable":true,"href":"https:\/\/gerardoduque.com.mx\/index.php?rest_route=%2Fwp%2Fv2%2Fcomments&post=36657"}],"version-history":[{"count":0,"href":"https:\/\/gerardoduque.com.mx\/index.php?rest_route=\/wp\/v2\/posts\/36657\/revisions"}],"wp:featuredmedia":[{"embeddable":true,"href":"https:\/\/gerardoduque.com.mx\/index.php?rest_route=\/wp\/v2\/media\/36658"}],"wp:attachment":[{"href":"https:\/\/gerardoduque.com.mx\/index.php?rest_route=%2Fwp%2Fv2%2Fmedia&parent=36657"}],"wp:term":[{"taxonomy":"category","embeddable":true,"href":"https:\/\/gerardoduque.com.mx\/index.php?rest_route=%2Fwp%2Fv2%2Fcategories&post=36657"},{"taxonomy":"post_tag","embeddable":true,"href":"https:\/\/gerardoduque.com.mx\/index.php?rest_route=%2Fwp%2Fv2%2Ftags&post=36657"}],"curies":[{"name":"wp","href":"https:\/\/api.w.org\/{rel}","templated":true}]}}