{"id":36640,"date":"2025-05-17T07:59:03","date_gmt":"2025-05-17T13:59:03","guid":{"rendered":"https:\/\/gerardoduque.com.mx\/?p=36640"},"modified":"2025-05-17T07:59:14","modified_gmt":"2025-05-17T13:59:14","slug":"firman-acuerdo-contra-quemas-irregulares-en-el-naranjo","status":"publish","type":"post","link":"https:\/\/gerardoduque.com.mx\/?p=36640","title":{"rendered":"FIRMAN ACUERDO CONTRA QUEMAS IRREGULARES EN EL NARANJO"},"content":{"rendered":"\n<p>Las Secretar\u00edas de Desarrollo Agropecuario y Recursos Hidr\u00e1ulicos y de Ecolog\u00eda y Gesti\u00f3n Ambiental firmaron un acuerdo con productores de agrupaciones ca\u00f1eras, personas agricultoras y autoridades federales y municipales, para la prevenci\u00f3n de incendios.<\/p>\n\n\n\n<p>En El Naranjo se acord\u00f3 que los productores evitar\u00e1n la segunda quema de ca\u00f1a, que es de paja, con la finalidad de evitar incendios fuera de control, adem\u00e1s de que fueron informados sobre las sanciones de hasta de 143 mil pesos y de cinco a 15 a\u00f1os de prisi\u00f3n a quienes provoquen da\u00f1os al ambiente seg\u00fan las leyes que se aplicar\u00e1n.<\/p>\n\n\n\n<p>El acuerdo de colaboraci\u00f3n incluy\u00f3 a la Coordinaci\u00f3n Estatal de Protecci\u00f3n Civil, la Comisi\u00f3n Nacional Forestal y la Secretar\u00eda de Agricultura y Desarrollo Rural, as\u00ed como productores de agrupaciones ca\u00f1eras del municipio.<\/p>\n","protected":false},"excerpt":{"rendered":"<p>Se firmaron un acuerdo con productores de agrupaciones ca\u00f1eras, personas agricultoras y autoridades federales y municipales, para la prevenci\u00f3n de incendios. <\/p>\n","protected":false},"author":4,"featured_media":36641,"comment_status":"closed","ping_status":"closed","sticky":false,"template":"","format":"standard","meta":{"_et_pb_use_builder":"off","_et_pb_old_content":"","_et_gb_content_width":"","footnotes":""},"categories":[412,280],"tags":[72,66,234],"class_list":["post-36640","post","type-post","status-publish","format-standard","has-post-thumbnail","hentry","category-destacado","category-gob-slp","tag-gobierno-del-estado","tag-san-luis-potosi","tag-sedarh"],"_links":{"self":[{"href":"https:\/\/gerardoduque.com.mx\/index.php?rest_route=\/wp\/v2\/posts\/36640","targetHints":{"allow":["GET"]}}],"collection":[{"href":"https:\/\/gerardoduque.com.mx\/index.php?rest_route=\/wp\/v2\/posts"}],"about":[{"href":"https:\/\/gerardoduque.com.mx\/index.php?rest_route=\/wp\/v2\/types\/post"}],"author":[{"embeddable":true,"href":"https:\/\/gerardoduque.com.mx\/index.php?rest_route=\/wp\/v2\/users\/4"}],"replies":[{"embeddable":true,"href":"https:\/\/gerardoduque.com.mx\/index.php?rest_route=%2Fwp%2Fv2%2Fcomments&post=36640"}],"version-history":[{"count":0,"href":"https:\/\/gerardoduque.com.mx\/index.php?rest_route=\/wp\/v2\/posts\/36640\/revisions"}],"wp:featuredmedia":[{"embeddable":true,"href":"https:\/\/gerardoduque.com.mx\/index.php?rest_route=\/wp\/v2\/media\/36641"}],"wp:attachment":[{"href":"https:\/\/gerardoduque.com.mx\/index.php?rest_route=%2Fwp%2Fv2%2Fmedia&parent=36640"}],"wp:term":[{"taxonomy":"category","embeddable":true,"href":"https:\/\/gerardoduque.com.mx\/index.php?rest_route=%2Fwp%2Fv2%2Fcategories&post=36640"},{"taxonomy":"post_tag","embeddable":true,"href":"https:\/\/gerardoduque.com.mx\/index.php?rest_route=%2Fwp%2Fv2%2Ftags&post=36640"}],"curies":[{"name":"wp","href":"https:\/\/api.w.org\/{rel}","templated":true}]}}