{"id":36637,"date":"2025-05-17T07:37:59","date_gmt":"2025-05-17T13:37:59","guid":{"rendered":"https:\/\/gerardoduque.com.mx\/?p=36637"},"modified":"2025-05-17T07:38:09","modified_gmt":"2025-05-17T13:38:09","slug":"proteccion-civil-alerta-ante-ola-de-calor","status":"publish","type":"post","link":"https:\/\/gerardoduque.com.mx\/?p=36637","title":{"rendered":"PROTECCI\u00d3N CIVIL ALERTA ANTE OLA DE CALOR"},"content":{"rendered":"\n<p>La Coordinaci\u00f3n Estatal de protecci\u00f3n Civil informa que debido a la baja humedad en el pa\u00eds se registra en gran parte del territorio nacional una Onda de Calor, la cual estar\u00e1 afectando al Estado durante esta y la pr\u00f3xima semana<\/p>\n\n\n\n<p>Este fen\u00f3meno climatol\u00f3gico traer\u00e1 altas temperaturas para los municipios de la Huasteca donde el term\u00f3metro podr\u00eda llegar a los 45 grados y con sensaci\u00f3n t\u00e9rmica de hasta los 47 grados. Mientras que en la regi\u00f3n Media los municipios con m\u00e1s afectaci\u00f3n ser\u00edan Lagunillas y Santa Catarina con 44 grados. En la regi\u00f3n Centro las temperaturas podr\u00edan llegar en un promedio de los 36 grados cent\u00edgrados, las cuales podr\u00edan moderarse la pr\u00f3xima semana por la presencia de lluvia durante los primeros d\u00edas.<\/p>\n\n\n\n<p>La dependencia recomend\u00f3 a la poblaci\u00f3n evitar exposici\u00f3n prolongada al sol, beber agua con frecuencia, usar ropa ligera y de colores claros, protegerse con sombrero, gorra o lentes de sol, evitar actividades f\u00edsicas intensas bajo el sol, consumir alimentos frescos, frutas y verduras, y no permanecer en veh\u00edculos cerrados. Tambi\u00e9n indic\u00f3 que se recomend\u00f3 a 59 municipios habilitar puestos de hidrataci\u00f3n.<\/p>\n","protected":false},"excerpt":{"rendered":"<p>Se esperan temperaturas superiores a los 45 grados en municipios de la Huasteca.<\/p>\n","protected":false},"author":4,"featured_media":36638,"comment_status":"closed","ping_status":"closed","sticky":false,"template":"","format":"standard","meta":{"_et_pb_use_builder":"off","_et_pb_old_content":"","_et_gb_content_width":"","footnotes":""},"categories":[412,280],"tags":[190,72,66],"class_list":["post-36637","post","type-post","status-publish","format-standard","has-post-thumbnail","hentry","category-destacado","category-gob-slp","tag-cepc","tag-gobierno-del-estado","tag-san-luis-potosi"],"_links":{"self":[{"href":"https:\/\/gerardoduque.com.mx\/index.php?rest_route=\/wp\/v2\/posts\/36637","targetHints":{"allow":["GET"]}}],"collection":[{"href":"https:\/\/gerardoduque.com.mx\/index.php?rest_route=\/wp\/v2\/posts"}],"about":[{"href":"https:\/\/gerardoduque.com.mx\/index.php?rest_route=\/wp\/v2\/types\/post"}],"author":[{"embeddable":true,"href":"https:\/\/gerardoduque.com.mx\/index.php?rest_route=\/wp\/v2\/users\/4"}],"replies":[{"embeddable":true,"href":"https:\/\/gerardoduque.com.mx\/index.php?rest_route=%2Fwp%2Fv2%2Fcomments&post=36637"}],"version-history":[{"count":0,"href":"https:\/\/gerardoduque.com.mx\/index.php?rest_route=\/wp\/v2\/posts\/36637\/revisions"}],"wp:featuredmedia":[{"embeddable":true,"href":"https:\/\/gerardoduque.com.mx\/index.php?rest_route=\/wp\/v2\/media\/36638"}],"wp:attachment":[{"href":"https:\/\/gerardoduque.com.mx\/index.php?rest_route=%2Fwp%2Fv2%2Fmedia&parent=36637"}],"wp:term":[{"taxonomy":"category","embeddable":true,"href":"https:\/\/gerardoduque.com.mx\/index.php?rest_route=%2Fwp%2Fv2%2Fcategories&post=36637"},{"taxonomy":"post_tag","embeddable":true,"href":"https:\/\/gerardoduque.com.mx\/index.php?rest_route=%2Fwp%2Fv2%2Ftags&post=36637"}],"curies":[{"name":"wp","href":"https:\/\/api.w.org\/{rel}","templated":true}]}}