{"id":36618,"date":"2025-05-16T08:56:02","date_gmt":"2025-05-16T14:56:02","guid":{"rendered":"https:\/\/gerardoduque.com.mx\/?p=36618"},"modified":"2025-05-16T08:56:08","modified_gmt":"2025-05-16T14:56:08","slug":"preparan-convocatoria-para-direccion-de-orquesta-sinfonica","status":"publish","type":"post","link":"https:\/\/gerardoduque.com.mx\/?p=36618","title":{"rendered":"PREPARAN CONVOCATORIA PARA DIRECCI\u00d3N DE ORQUESTA SINF\u00d3NICA"},"content":{"rendered":"\n<p>El Gobierno del Estado de San Luis Potos\u00ed a trav\u00e9s de la Secretar\u00eda de Cultura implementar\u00e1 un proceso transparente y justo para elegir al nuevo director de la Orquesta Sinf\u00f3nica tras el fallecimiento del Maestro Jos\u00e9 Miramontes Zapata.<\/p>\n\n\n\n<p>El secretario de Cultura anunci\u00f3 que, tras una reuni\u00f3n con el secretario general de Gobierno, J. Guadalupe Torres S\u00e1nchez, se design\u00f3 a Eduardo Garc\u00eda Barrios como coordinador del proceso de selecci\u00f3n, encargado de elaborar una convocatoria p\u00fablica a nivel nacional e internacional que garantice transparencia y participaci\u00f3n de la orquesta.<\/p>\n\n\n\n<p>Garc\u00eda Barrios, director de orquesta con honores del Conservatorio Tchaikovsky de Mosc\u00fa y m\u00e1s de 30 a\u00f1os de experiencia en M\u00e9xico y Am\u00e9rica Latina ya trabaja en la convocatoria p\u00fablica brindando una oportunidad para que directores talentosos y reconocidos internacionalmente puedan demostrar su capacidad y contribuir al desarrollo cultural del estado.<\/p>\n","protected":false},"excerpt":{"rendered":"<p>Se implementar\u00e1 un proceso transparente y justo para elegir al nuevo director.<\/p>\n","protected":false},"author":4,"featured_media":36619,"comment_status":"closed","ping_status":"closed","sticky":false,"template":"","format":"standard","meta":{"_et_pb_use_builder":"off","_et_pb_old_content":"","_et_gb_content_width":"","footnotes":""},"categories":[412,280],"tags":[72,66,200],"class_list":["post-36618","post","type-post","status-publish","format-standard","has-post-thumbnail","hentry","category-destacado","category-gob-slp","tag-gobierno-del-estado","tag-san-luis-potosi","tag-secult"],"_links":{"self":[{"href":"https:\/\/gerardoduque.com.mx\/index.php?rest_route=\/wp\/v2\/posts\/36618","targetHints":{"allow":["GET"]}}],"collection":[{"href":"https:\/\/gerardoduque.com.mx\/index.php?rest_route=\/wp\/v2\/posts"}],"about":[{"href":"https:\/\/gerardoduque.com.mx\/index.php?rest_route=\/wp\/v2\/types\/post"}],"author":[{"embeddable":true,"href":"https:\/\/gerardoduque.com.mx\/index.php?rest_route=\/wp\/v2\/users\/4"}],"replies":[{"embeddable":true,"href":"https:\/\/gerardoduque.com.mx\/index.php?rest_route=%2Fwp%2Fv2%2Fcomments&post=36618"}],"version-history":[{"count":0,"href":"https:\/\/gerardoduque.com.mx\/index.php?rest_route=\/wp\/v2\/posts\/36618\/revisions"}],"wp:featuredmedia":[{"embeddable":true,"href":"https:\/\/gerardoduque.com.mx\/index.php?rest_route=\/wp\/v2\/media\/36619"}],"wp:attachment":[{"href":"https:\/\/gerardoduque.com.mx\/index.php?rest_route=%2Fwp%2Fv2%2Fmedia&parent=36618"}],"wp:term":[{"taxonomy":"category","embeddable":true,"href":"https:\/\/gerardoduque.com.mx\/index.php?rest_route=%2Fwp%2Fv2%2Fcategories&post=36618"},{"taxonomy":"post_tag","embeddable":true,"href":"https:\/\/gerardoduque.com.mx\/index.php?rest_route=%2Fwp%2Fv2%2Ftags&post=36618"}],"curies":[{"name":"wp","href":"https:\/\/api.w.org\/{rel}","templated":true}]}}