{"id":36615,"date":"2025-05-16T08:29:27","date_gmt":"2025-05-16T14:29:27","guid":{"rendered":"https:\/\/gerardoduque.com.mx\/?p=36615"},"modified":"2025-05-16T08:29:35","modified_gmt":"2025-05-16T14:29:35","slug":"adultos-mayores-vulnerados-en-estancia-privada-fueron-llevados-al-dif-estatal","status":"publish","type":"post","link":"https:\/\/gerardoduque.com.mx\/?p=36615","title":{"rendered":"ADULTOS MAYORES VULNERADOS EN ESTANCIA PRIVADA FUERON LLEVADOS AL DIF ESTATAL"},"content":{"rendered":"\n<p>El Sistema Estatal para el Desarrollo Integral de la Familia atendi\u00f3 a las personas adultas mayores v\u00edctimas de violencia en una estancia privada, derivado de la pronta intervenci\u00f3n de las autoridades estatales. Los adultos mayores fueron trasladados a la \u201cCasa de los Potosinos\u201d, que cuentan con infraestructura y personal que les brindar\u00e1 protecci\u00f3n para que tengan un desarrollo integral.<\/p>\n\n\n\n<p>La Procuradur\u00eda de la Defensa de las Personas Adultas Mayores intervino tras recibir denuncias ciudadanas y realizar una exhaustiva investigaci\u00f3n que confirm\u00f3 el estado vulnerado en el que se encontraban las personas adultas mayores. La intervenci\u00f3n temprana permiti\u00f3 evitar mayores riesgos y garantizar que reciban la atenci\u00f3n y cuidado adecuados.<\/p>\n\n\n\n<p>Las instalaciones de la Casa de los Potosinos est\u00e1n equipadas con servicios asistenciales, espacios de descanso y atenci\u00f3n especializada para atender sin l\u00edmites sus necesidades particulares.<\/p>\n","protected":false},"excerpt":{"rendered":"<p>Los adultos mayores fueron trasladados a la \u201cCasa de los Potosinos\u201d, que cuentan con infraestructura y personal para recibirlos. <\/p>\n","protected":false},"author":4,"featured_media":36616,"comment_status":"closed","ping_status":"closed","sticky":false,"template":"","format":"standard","meta":{"_et_pb_use_builder":"off","_et_pb_old_content":"","_et_gb_content_width":"","footnotes":""},"categories":[412,280],"tags":[180,72,66],"class_list":["post-36615","post","type-post","status-publish","format-standard","has-post-thumbnail","hentry","category-destacado","category-gob-slp","tag-dif-estatal","tag-gobierno-del-estado","tag-san-luis-potosi"],"_links":{"self":[{"href":"https:\/\/gerardoduque.com.mx\/index.php?rest_route=\/wp\/v2\/posts\/36615","targetHints":{"allow":["GET"]}}],"collection":[{"href":"https:\/\/gerardoduque.com.mx\/index.php?rest_route=\/wp\/v2\/posts"}],"about":[{"href":"https:\/\/gerardoduque.com.mx\/index.php?rest_route=\/wp\/v2\/types\/post"}],"author":[{"embeddable":true,"href":"https:\/\/gerardoduque.com.mx\/index.php?rest_route=\/wp\/v2\/users\/4"}],"replies":[{"embeddable":true,"href":"https:\/\/gerardoduque.com.mx\/index.php?rest_route=%2Fwp%2Fv2%2Fcomments&post=36615"}],"version-history":[{"count":0,"href":"https:\/\/gerardoduque.com.mx\/index.php?rest_route=\/wp\/v2\/posts\/36615\/revisions"}],"wp:featuredmedia":[{"embeddable":true,"href":"https:\/\/gerardoduque.com.mx\/index.php?rest_route=\/wp\/v2\/media\/36616"}],"wp:attachment":[{"href":"https:\/\/gerardoduque.com.mx\/index.php?rest_route=%2Fwp%2Fv2%2Fmedia&parent=36615"}],"wp:term":[{"taxonomy":"category","embeddable":true,"href":"https:\/\/gerardoduque.com.mx\/index.php?rest_route=%2Fwp%2Fv2%2Fcategories&post=36615"},{"taxonomy":"post_tag","embeddable":true,"href":"https:\/\/gerardoduque.com.mx\/index.php?rest_route=%2Fwp%2Fv2%2Ftags&post=36615"}],"curies":[{"name":"wp","href":"https:\/\/api.w.org\/{rel}","templated":true}]}}