{"id":36554,"date":"2025-05-13T20:22:31","date_gmt":"2025-05-14T02:22:31","guid":{"rendered":"https:\/\/gerardoduque.com.mx\/?p=36554"},"modified":"2025-05-13T20:22:35","modified_gmt":"2025-05-14T02:22:35","slug":"feminicida-de-adolescente-pasara-medio-siglo-en-la-carcel","status":"publish","type":"post","link":"https:\/\/gerardoduque.com.mx\/?p=36554","title":{"rendered":"FEMINICIDA DE ADOLESCENTE PASAR\u00c1 MEDIO SIGLO EN LA C\u00c1RCEL"},"content":{"rendered":"\n<p>C\u00e9sar Fabricio -de 29 a\u00f1os de edad- pasar\u00e1 cincuenta a\u00f1os en prisi\u00f3n tras haber sido encontrado culpable del delito de feminicidio agravado.<\/p>\n\n\n\n<p>C\u00e9sar Fabricio ingres\u00f3 al domicilio de la v\u00edctima, ubicado en la colonia Ampliaci\u00f3n Santa Rosa. Ah\u00ed abus\u00f3 sexualmente de ella y la estrangul\u00f3. La jovencita de diecisiete a\u00f1os de edad ten\u00eda una discapacidad intelectual, y el agresor era cercano a su familia.<\/p>\n\n\n\n<p>La ma\u00f1ana del jueves 26 de octubre de 2023 la mam\u00e1 de la v\u00edctima ingres\u00f3 a la rec\u00e1mara de la adolescente y la encontr\u00f3 tirada, desnuda y con huellas de violencia.<\/p>\n\n\n\n<p>La se\u00f1ora llam\u00f3 de inmediato a los Servicios de Emergencias, pero cuando arribaron los param\u00e9dicos de la Cruz Roja confirmaron que la jovencita hab\u00eda fallecido. Agentes de la Fiscal\u00eda General del Estado realizaron las indagatorias respectivas y horas m\u00e1s tarde se logr\u00f3 la detenci\u00f3n de C\u00e9sar Fabricio.<\/p>\n\n\n\n<p>El imputado comenz\u00f3 el recorrido de su proceso penal. El asunto avanz\u00f3 hasta un juicio oral, donde la FGE logr\u00f3 obtener el fallo condenatorio. En consecuencia, la autoridad judicial le dict\u00f3 al responsable cincuenta a\u00f1os de prisi\u00f3n ordinaria. Adem\u00e1s, tiene que realizar dos pagos monetarios que deber\u00e1 acreditar, correspondiente a una reparaci\u00f3n del da\u00f1o y a una sanci\u00f3n pecuniaria.<\/p>\n\n\n\n<p>El feminicida se encuentra recluido en el Centro Penitenciario de Ciudad Valles.<\/p>\n","protected":false},"excerpt":{"rendered":"<p>Cometi\u00f3 el crimen en Ciudad Valles en el 2023  <\/p>\n","protected":false},"author":4,"featured_media":36555,"comment_status":"closed","ping_status":"closed","sticky":false,"template":"","format":"standard","meta":{"_et_pb_use_builder":"off","_et_pb_old_content":"","_et_gb_content_width":"","footnotes":""},"categories":[412,62],"tags":[],"class_list":["post-36554","post","type-post","status-publish","format-standard","has-post-thumbnail","hentry","category-destacado","category-redaccion"],"_links":{"self":[{"href":"https:\/\/gerardoduque.com.mx\/index.php?rest_route=\/wp\/v2\/posts\/36554","targetHints":{"allow":["GET"]}}],"collection":[{"href":"https:\/\/gerardoduque.com.mx\/index.php?rest_route=\/wp\/v2\/posts"}],"about":[{"href":"https:\/\/gerardoduque.com.mx\/index.php?rest_route=\/wp\/v2\/types\/post"}],"author":[{"embeddable":true,"href":"https:\/\/gerardoduque.com.mx\/index.php?rest_route=\/wp\/v2\/users\/4"}],"replies":[{"embeddable":true,"href":"https:\/\/gerardoduque.com.mx\/index.php?rest_route=%2Fwp%2Fv2%2Fcomments&post=36554"}],"version-history":[{"count":0,"href":"https:\/\/gerardoduque.com.mx\/index.php?rest_route=\/wp\/v2\/posts\/36554\/revisions"}],"wp:featuredmedia":[{"embeddable":true,"href":"https:\/\/gerardoduque.com.mx\/index.php?rest_route=\/wp\/v2\/media\/36555"}],"wp:attachment":[{"href":"https:\/\/gerardoduque.com.mx\/index.php?rest_route=%2Fwp%2Fv2%2Fmedia&parent=36554"}],"wp:term":[{"taxonomy":"category","embeddable":true,"href":"https:\/\/gerardoduque.com.mx\/index.php?rest_route=%2Fwp%2Fv2%2Fcategories&post=36554"},{"taxonomy":"post_tag","embeddable":true,"href":"https:\/\/gerardoduque.com.mx\/index.php?rest_route=%2Fwp%2Fv2%2Ftags&post=36554"}],"curies":[{"name":"wp","href":"https:\/\/api.w.org\/{rel}","templated":true}]}}