{"id":36478,"date":"2025-05-10T20:47:49","date_gmt":"2025-05-11T02:47:49","guid":{"rendered":"https:\/\/gerardoduque.com.mx\/?p=36478"},"modified":"2025-05-10T20:47:53","modified_gmt":"2025-05-11T02:47:53","slug":"matan-a-mujer-en-un-asalto-en-slp-capital-imparable-la-delincuencia-en-la-ciudad","status":"publish","type":"post","link":"https:\/\/gerardoduque.com.mx\/?p=36478","title":{"rendered":"MATAN A MUJER EN UN ASALTO EN SLP CAPITAL: IMPARABLE LA DELINCUENCIA EN LA CIUDAD"},"content":{"rendered":"\n<p>La tarde de este s\u00e1bado 10 de mayo una mujer fue privada de la vida dentro de un establecimiento comercial dedicado a la venta de m\u00e1rmoles y granitos<\/p>\n\n\n\n<p>Los hechos ocurrieron en la colonia San Juan de Guadalupe, a inmediaciones del perif\u00e9rico<\/p>\n\n\n\n<p>De acuerdo a las primeras diligencias, la empresa fue asaltada por varios sujetos armados que arribaron en motocicleta y amagaron a los empleados.<\/p>\n\n\n\n<p>Una mujer habr\u00eda intentado resistirse al asalto, por lo que recibi\u00f3 varios impactos de bala.<\/p>\n\n\n\n<p>Finalmente, los delincuentes huyeron con el bot\u00edn.<\/p>\n\n\n\n<p>Minutos m\u00e1s tarde arribaron agentes de diversas corporaciones de seguridad p\u00fablica y elementos de la Fiscal\u00eda General del Estado.<\/p>\n","protected":false},"excerpt":{"rendered":"<p>No hay detenidos  <\/p>\n","protected":false},"author":4,"featured_media":36479,"comment_status":"closed","ping_status":"closed","sticky":false,"template":"","format":"standard","meta":{"_et_pb_use_builder":"off","_et_pb_old_content":"","_et_gb_content_width":"","footnotes":""},"categories":[412,62],"tags":[],"class_list":["post-36478","post","type-post","status-publish","format-standard","has-post-thumbnail","hentry","category-destacado","category-redaccion"],"_links":{"self":[{"href":"https:\/\/gerardoduque.com.mx\/index.php?rest_route=\/wp\/v2\/posts\/36478","targetHints":{"allow":["GET"]}}],"collection":[{"href":"https:\/\/gerardoduque.com.mx\/index.php?rest_route=\/wp\/v2\/posts"}],"about":[{"href":"https:\/\/gerardoduque.com.mx\/index.php?rest_route=\/wp\/v2\/types\/post"}],"author":[{"embeddable":true,"href":"https:\/\/gerardoduque.com.mx\/index.php?rest_route=\/wp\/v2\/users\/4"}],"replies":[{"embeddable":true,"href":"https:\/\/gerardoduque.com.mx\/index.php?rest_route=%2Fwp%2Fv2%2Fcomments&post=36478"}],"version-history":[{"count":0,"href":"https:\/\/gerardoduque.com.mx\/index.php?rest_route=\/wp\/v2\/posts\/36478\/revisions"}],"wp:featuredmedia":[{"embeddable":true,"href":"https:\/\/gerardoduque.com.mx\/index.php?rest_route=\/wp\/v2\/media\/36479"}],"wp:attachment":[{"href":"https:\/\/gerardoduque.com.mx\/index.php?rest_route=%2Fwp%2Fv2%2Fmedia&parent=36478"}],"wp:term":[{"taxonomy":"category","embeddable":true,"href":"https:\/\/gerardoduque.com.mx\/index.php?rest_route=%2Fwp%2Fv2%2Fcategories&post=36478"},{"taxonomy":"post_tag","embeddable":true,"href":"https:\/\/gerardoduque.com.mx\/index.php?rest_route=%2Fwp%2Fv2%2Ftags&post=36478"}],"curies":[{"name":"wp","href":"https:\/\/api.w.org\/{rel}","templated":true}]}}