{"id":36473,"date":"2025-05-10T19:58:42","date_gmt":"2025-05-11T01:58:42","guid":{"rendered":"https:\/\/gerardoduque.com.mx\/?p=36473"},"modified":"2025-05-10T19:58:46","modified_gmt":"2025-05-11T01:58:46","slug":"slp-entre-los-estados-mas-afectados-por-incendios-forestales","status":"publish","type":"post","link":"https:\/\/gerardoduque.com.mx\/?p=36473","title":{"rendered":"SLP, ENTRE LOS ESTADOS M\u00c1S AFECTADOS POR INCENDIOS FORESTALES"},"content":{"rendered":"\n<p>De acuerdo al informe m\u00e1s reciente publicado por el Comit\u00e9 Estatal para el Manejo del Fuego, en la entidad hay al menos cinco incendios activos de gran extensi\u00f3n en localidades pertenecientes a los municipios de Lagunillas (en la zona Media), as\u00ed como en Ciudad Valles y en El Naranjo (ubicados en la regi\u00f3n Huasteca).<\/p>\n\n\n\n<p>La Coordinaci\u00f3n Estatal de Protecci\u00f3n Civil informa que para hacer frente a los incendios activos trabajan m\u00e1s de 160 brigadistas de distintas instancias gubernamentales, y se est\u00e1 utilizando una aeronave. Tambi\u00e9n se han sumado decenas de voluntarios para combatir el fuego.<\/p>\n\n\n\n<p>Durante los primeros cuatro meses de este 2025 los incendios forestales arrasaron m\u00e1s de 11 mil 800 hect\u00e1reas en la entidad potosina.<br><br>De acuerdo a estad\u00edsticas que maneja la Coordinaci\u00f3n Estatal de Protecci\u00f3n Civil, la cantidad de incendios forestales en San Luis Potos\u00ed se increment\u00f3 75% entre enero y abril del presente a\u00f1o, en comparaci\u00f3n con el mismo periodo de 2024.<\/p>\n\n\n\n<p>San Luis Potos\u00ed se posiciona entre las entidades del pa\u00eds con mayor extensi\u00f3n territorial afectada por los incendios, revela la Comisi\u00f3n Nacional Forestal.<\/p>\n","protected":false},"excerpt":{"rendered":"<p>Doce mil hect\u00e1reas de bosques, selva y pastizales han sido devastadas <\/p>\n","protected":false},"author":4,"featured_media":36474,"comment_status":"closed","ping_status":"closed","sticky":false,"template":"","format":"standard","meta":{"_et_pb_use_builder":"off","_et_pb_old_content":"","_et_gb_content_width":"","footnotes":""},"categories":[412,62],"tags":[],"class_list":["post-36473","post","type-post","status-publish","format-standard","has-post-thumbnail","hentry","category-destacado","category-redaccion"],"_links":{"self":[{"href":"https:\/\/gerardoduque.com.mx\/index.php?rest_route=\/wp\/v2\/posts\/36473","targetHints":{"allow":["GET"]}}],"collection":[{"href":"https:\/\/gerardoduque.com.mx\/index.php?rest_route=\/wp\/v2\/posts"}],"about":[{"href":"https:\/\/gerardoduque.com.mx\/index.php?rest_route=\/wp\/v2\/types\/post"}],"author":[{"embeddable":true,"href":"https:\/\/gerardoduque.com.mx\/index.php?rest_route=\/wp\/v2\/users\/4"}],"replies":[{"embeddable":true,"href":"https:\/\/gerardoduque.com.mx\/index.php?rest_route=%2Fwp%2Fv2%2Fcomments&post=36473"}],"version-history":[{"count":0,"href":"https:\/\/gerardoduque.com.mx\/index.php?rest_route=\/wp\/v2\/posts\/36473\/revisions"}],"wp:featuredmedia":[{"embeddable":true,"href":"https:\/\/gerardoduque.com.mx\/index.php?rest_route=\/wp\/v2\/media\/36474"}],"wp:attachment":[{"href":"https:\/\/gerardoduque.com.mx\/index.php?rest_route=%2Fwp%2Fv2%2Fmedia&parent=36473"}],"wp:term":[{"taxonomy":"category","embeddable":true,"href":"https:\/\/gerardoduque.com.mx\/index.php?rest_route=%2Fwp%2Fv2%2Fcategories&post=36473"},{"taxonomy":"post_tag","embeddable":true,"href":"https:\/\/gerardoduque.com.mx\/index.php?rest_route=%2Fwp%2Fv2%2Ftags&post=36473"}],"curies":[{"name":"wp","href":"https:\/\/api.w.org\/{rel}","templated":true}]}}