{"id":36429,"date":"2025-05-09T07:39:26","date_gmt":"2025-05-09T13:39:26","guid":{"rendered":"https:\/\/gerardoduque.com.mx\/?p=36429"},"modified":"2025-05-09T07:39:30","modified_gmt":"2025-05-09T13:39:30","slug":"presentan-iniciativa-para-sancionar-a-quienes-provoquen-incendios-en-slp","status":"publish","type":"post","link":"https:\/\/gerardoduque.com.mx\/?p=36429","title":{"rendered":"PRESENTAN INICIATIVA PARA SANCIONAR A QUIENES PROVOQUEN INCENDIOS EN SLP"},"content":{"rendered":"\n<p>La Secretar\u00eda General de Gobierno anunci\u00f3 que ya fue presentada ante el Poder Legislativo de San Luis Potos\u00ed una iniciativa para reformar el C\u00f3digo Penal del Estado, al establecer sanciones m\u00e1s severas para quienes provoquen incendios.<\/p>\n\n\n\n<p>El secretario general de Gobierno, J. Guadalupe Torres S\u00e1nchez, dijo que con esta iniciativa se busca disuadir la mano humana responsable de estos siniestros que destruyen flora y fauna, afectando gravemente el equilibrio ecol\u00f3gico; adem\u00e1s de que resulta costoso atenderlos y se arriesgan vidas humanas al sofocarlos.<\/p>\n\n\n\n<p>Al respecto, tambi\u00e9n se dijo que se est\u00e1 trabajando con dependencias estatales y productores ca\u00f1eros diferentes acciones como la creaci\u00f3n de un fondo para atender los incendios, este fondo contar\u00e1 con recursos provenientes de las sanciones impuestas por quemas durante la temporada de zafra, lo que permitir\u00e1 contar con un mecanismo de apoyo econ\u00f3mico para la atenci\u00f3n y recuperaci\u00f3n de los ecosistemas afectados.<\/p>\n","protected":false},"excerpt":{"rendered":"<p>Estas acciones buscan proteger de manera m\u00e1s efectiva los recursos naturales y la biodiversidad.<\/p>\n","protected":false},"author":4,"featured_media":36430,"comment_status":"closed","ping_status":"closed","sticky":false,"template":"","format":"standard","meta":{"_et_pb_use_builder":"off","_et_pb_old_content":"","_et_gb_content_width":"","footnotes":""},"categories":[412,280],"tags":[72,66,394],"class_list":["post-36429","post","type-post","status-publish","format-standard","has-post-thumbnail","hentry","category-destacado","category-gob-slp","tag-gobierno-del-estado","tag-san-luis-potosi","tag-sgg"],"_links":{"self":[{"href":"https:\/\/gerardoduque.com.mx\/index.php?rest_route=\/wp\/v2\/posts\/36429","targetHints":{"allow":["GET"]}}],"collection":[{"href":"https:\/\/gerardoduque.com.mx\/index.php?rest_route=\/wp\/v2\/posts"}],"about":[{"href":"https:\/\/gerardoduque.com.mx\/index.php?rest_route=\/wp\/v2\/types\/post"}],"author":[{"embeddable":true,"href":"https:\/\/gerardoduque.com.mx\/index.php?rest_route=\/wp\/v2\/users\/4"}],"replies":[{"embeddable":true,"href":"https:\/\/gerardoduque.com.mx\/index.php?rest_route=%2Fwp%2Fv2%2Fcomments&post=36429"}],"version-history":[{"count":0,"href":"https:\/\/gerardoduque.com.mx\/index.php?rest_route=\/wp\/v2\/posts\/36429\/revisions"}],"wp:featuredmedia":[{"embeddable":true,"href":"https:\/\/gerardoduque.com.mx\/index.php?rest_route=\/wp\/v2\/media\/36430"}],"wp:attachment":[{"href":"https:\/\/gerardoduque.com.mx\/index.php?rest_route=%2Fwp%2Fv2%2Fmedia&parent=36429"}],"wp:term":[{"taxonomy":"category","embeddable":true,"href":"https:\/\/gerardoduque.com.mx\/index.php?rest_route=%2Fwp%2Fv2%2Fcategories&post=36429"},{"taxonomy":"post_tag","embeddable":true,"href":"https:\/\/gerardoduque.com.mx\/index.php?rest_route=%2Fwp%2Fv2%2Ftags&post=36429"}],"curies":[{"name":"wp","href":"https:\/\/api.w.org\/{rel}","templated":true}]}}