{"id":36419,"date":"2025-05-08T20:31:47","date_gmt":"2025-05-09T02:31:47","guid":{"rendered":"https:\/\/gerardoduque.com.mx\/?p=36419"},"modified":"2025-05-08T20:31:51","modified_gmt":"2025-05-09T02:31:51","slug":"mamas-amparadas-seran-cambiadas-de-xolol-a-la-pila-asegura-lupe-torres","status":"publish","type":"post","link":"https:\/\/gerardoduque.com.mx\/?p=36419","title":{"rendered":"MAM\u00c1S AMPARADAS SER\u00c1N CAMBIADAS DE XOLOL A LA PILA, ASEGURA LUPE TORRES"},"content":{"rendered":"\n<p>El pasado 22 de abril de 2025, el Juzgado Sexto de Distrito de San Luis Potos\u00ed otorg\u00f3 una suspensi\u00f3n provisional para que diecinueve mujeres Privadas de la Libertad sean trasladadas del penal femenil de Xolol -ubicado en la zona huasteca- hacia el CERESO de La Pila -en la capital del estado-, donde inicialmente estaban recluidas.<\/p>\n\n\n\n<p>Hijas e hijos de las diecinueve mujeres fueron quienes obtuvieron el amparo de la justicia con efecto \u201cinmediato\u201d, bajo la premisa de que esos ni\u00f1os, ni\u00f1as y adolescentes puedan convivir con sus mam\u00e1s regularmente.<\/p>\n\n\n\n<p>Desde tiempo atr\u00e1s esa posibilidad se hab\u00eda vuelto extremadamente dif\u00edcil, pues las madres de familia Privadas de la Libertad en la capital potosina fueron transferidas a un penal ubicado a 300 kil\u00f3metros, en el municipio huasteco de Tancanhuitz. Sus hijos promovieron el amparo aduciendo una serie de afectaciones debido a la distancia que les separa del reclusorio femenil de Xolol.<\/p>\n\n\n\n<p>Pese al mandato judicial, en primera instancia la&nbsp;Secretar\u00eda de Seguridad y Protecci\u00f3n Ciudadana&nbsp;del Estado se neg\u00f3 a trasladar a las mujeres de Xolol a La Pila. El pasado 28 de abril de 2025, la SSPC a trav\u00e9s de su direcci\u00f3n jur\u00eddica aleg\u00f3 la imposibilidad de cumplir lo ordenado por la jueza.<\/p>\n\n\n\n<p>En reacci\u00f3n, un centenar de organizaciones de la sociedad civil, colectivos y colectivas, tambi\u00e9n acad\u00e9micos, periodistas, as\u00ed como defensoras de derechos humanos y activistas, firmaron una misiva dirigida a la comunidad nacional e internacional, a la presidenta de M\u00e9xico, y al gobernador de San Luis Potos\u00ed.<\/p>\n\n\n\n<p><strong>\u201cSe han estado realizando traslados involuntarios de manera discriminatoria, pues el requisito para ser trasladada como persona privada de libertad a ese centro penitenciario (Xolol) es ser mujer. Se confirma as\u00ed que la poblaci\u00f3n femenil, a diferencia de la varonil, suele experimentar mayor abandono y corre un riesgo m\u00e1s elevado de perder sus v\u00ednculos sociales y familiares. Esto es un reflejo de la estigmatizaci\u00f3n social que recae sobre ellas, de manera reforzada en este caso, por las autoridades. Sin embargo, con esta decisi\u00f3n, tambi\u00e9n se han estado vulnerando el inter\u00e9s superior de la ni\u00f1ez, as\u00ed como los derechos a la salud, a la educaci\u00f3n, a la familia, al desarrollo y al bienestar de ni\u00f1as, ni\u00f1os y adolescentes, hijas e hijos de esas mujeres que fueron trasladadas a Xolol\u201d<\/strong>,se cita en el desplegado.<\/p>\n\n\n\n<p>En horas recientes el secretario general de Gobierno,&nbsp;Jos\u00e9 Guadalupe Torres S\u00e1nchez, inform\u00f3 que la administraci\u00f3n estatal cumplir\u00e1 con la resoluci\u00f3n de la Jueza, sin embargo, no precis\u00f3 cu\u00e1ndo.<\/p>\n","protected":false},"excerpt":{"rendered":"<p>El secretario de gobierno no precis\u00f3 cu\u00e1ndo  <\/p>\n","protected":false},"author":4,"featured_media":36420,"comment_status":"closed","ping_status":"closed","sticky":false,"template":"","format":"standard","meta":{"_et_pb_use_builder":"off","_et_pb_old_content":"","_et_gb_content_width":"","footnotes":""},"categories":[412,62],"tags":[],"class_list":["post-36419","post","type-post","status-publish","format-standard","has-post-thumbnail","hentry","category-destacado","category-redaccion"],"_links":{"self":[{"href":"https:\/\/gerardoduque.com.mx\/index.php?rest_route=\/wp\/v2\/posts\/36419","targetHints":{"allow":["GET"]}}],"collection":[{"href":"https:\/\/gerardoduque.com.mx\/index.php?rest_route=\/wp\/v2\/posts"}],"about":[{"href":"https:\/\/gerardoduque.com.mx\/index.php?rest_route=\/wp\/v2\/types\/post"}],"author":[{"embeddable":true,"href":"https:\/\/gerardoduque.com.mx\/index.php?rest_route=\/wp\/v2\/users\/4"}],"replies":[{"embeddable":true,"href":"https:\/\/gerardoduque.com.mx\/index.php?rest_route=%2Fwp%2Fv2%2Fcomments&post=36419"}],"version-history":[{"count":0,"href":"https:\/\/gerardoduque.com.mx\/index.php?rest_route=\/wp\/v2\/posts\/36419\/revisions"}],"wp:featuredmedia":[{"embeddable":true,"href":"https:\/\/gerardoduque.com.mx\/index.php?rest_route=\/wp\/v2\/media\/36420"}],"wp:attachment":[{"href":"https:\/\/gerardoduque.com.mx\/index.php?rest_route=%2Fwp%2Fv2%2Fmedia&parent=36419"}],"wp:term":[{"taxonomy":"category","embeddable":true,"href":"https:\/\/gerardoduque.com.mx\/index.php?rest_route=%2Fwp%2Fv2%2Fcategories&post=36419"},{"taxonomy":"post_tag","embeddable":true,"href":"https:\/\/gerardoduque.com.mx\/index.php?rest_route=%2Fwp%2Fv2%2Ftags&post=36419"}],"curies":[{"name":"wp","href":"https:\/\/api.w.org\/{rel}","templated":true}]}}