{"id":36399,"date":"2025-05-08T13:58:45","date_gmt":"2025-05-08T19:58:45","guid":{"rendered":"https:\/\/gerardoduque.com.mx\/?p=36399"},"modified":"2025-05-08T13:58:50","modified_gmt":"2025-05-08T19:58:50","slug":"emiten-recomendaciones-por-altas-temperaturas-en-slp","status":"publish","type":"post","link":"https:\/\/gerardoduque.com.mx\/?p=36399","title":{"rendered":"EMITEN RECOMENDACIONES POR ALTAS TEMPERATURAS EN SLP"},"content":{"rendered":"\n<p>La Coordinaci\u00f3n Estatal de Protecci\u00f3n Civil inform\u00f3 que atender\u00e1 a los potosinos que lo requieran, ante el pron\u00f3stico de temperaturas superiores a los 44 grados cent\u00edgrados, por lo que tambi\u00e9n hizo un llamado a los municipios principalmente de la zona media y huasteca, a brindar la atenci\u00f3n necesaria.<\/p>\n\n\n\n<p>Asimismo, el director de la dependencia pidi\u00f3 a las alcald\u00edas que se instalen puestos de hidrataci\u00f3n en los municipios con la finalidad de atender a las personas en situaci\u00f3n vulnerable y evitar golpes de calor.<\/p>\n\n\n\n<p>Adem\u00e1s, se pidi\u00f3 a la poblaci\u00f3n evitar asolearse entre las 11:00 y las 16:00 horas, ya que dentro de este tiempo el calor es m\u00e1s intenso, vestir ropa suelta de colores claros y manga larga, no realizar actividades f\u00edsicas intensas bajo el sol, tomar agua simple, aunque no se tenga sed y comer alimentos frescos y verduras.<\/p>\n","protected":false},"excerpt":{"rendered":"<p>Se mantiene alerta por el pron\u00f3stico de temperaturas de m\u00e1s de 40 grados en gran parte del Estado.<\/p>\n","protected":false},"author":4,"featured_media":36400,"comment_status":"closed","ping_status":"closed","sticky":false,"template":"","format":"standard","meta":{"_et_pb_use_builder":"off","_et_pb_old_content":"","_et_gb_content_width":"","footnotes":""},"categories":[412,280],"tags":[190,72,66],"class_list":["post-36399","post","type-post","status-publish","format-standard","has-post-thumbnail","hentry","category-destacado","category-gob-slp","tag-cepc","tag-gobierno-del-estado","tag-san-luis-potosi"],"_links":{"self":[{"href":"https:\/\/gerardoduque.com.mx\/index.php?rest_route=\/wp\/v2\/posts\/36399","targetHints":{"allow":["GET"]}}],"collection":[{"href":"https:\/\/gerardoduque.com.mx\/index.php?rest_route=\/wp\/v2\/posts"}],"about":[{"href":"https:\/\/gerardoduque.com.mx\/index.php?rest_route=\/wp\/v2\/types\/post"}],"author":[{"embeddable":true,"href":"https:\/\/gerardoduque.com.mx\/index.php?rest_route=\/wp\/v2\/users\/4"}],"replies":[{"embeddable":true,"href":"https:\/\/gerardoduque.com.mx\/index.php?rest_route=%2Fwp%2Fv2%2Fcomments&post=36399"}],"version-history":[{"count":0,"href":"https:\/\/gerardoduque.com.mx\/index.php?rest_route=\/wp\/v2\/posts\/36399\/revisions"}],"wp:featuredmedia":[{"embeddable":true,"href":"https:\/\/gerardoduque.com.mx\/index.php?rest_route=\/wp\/v2\/media\/36400"}],"wp:attachment":[{"href":"https:\/\/gerardoduque.com.mx\/index.php?rest_route=%2Fwp%2Fv2%2Fmedia&parent=36399"}],"wp:term":[{"taxonomy":"category","embeddable":true,"href":"https:\/\/gerardoduque.com.mx\/index.php?rest_route=%2Fwp%2Fv2%2Fcategories&post=36399"},{"taxonomy":"post_tag","embeddable":true,"href":"https:\/\/gerardoduque.com.mx\/index.php?rest_route=%2Fwp%2Fv2%2Ftags&post=36399"}],"curies":[{"name":"wp","href":"https:\/\/api.w.org\/{rel}","templated":true}]}}