{"id":36348,"date":"2025-05-05T22:29:15","date_gmt":"2025-05-06T04:29:15","guid":{"rendered":"https:\/\/gerardoduque.com.mx\/?p=36348"},"modified":"2025-05-05T22:29:25","modified_gmt":"2025-05-06T04:29:25","slug":"siempre-si-reportan-muertos-tras-rina-en-la-pila","status":"publish","type":"post","link":"https:\/\/gerardoduque.com.mx\/?p=36348","title":{"rendered":"SIEMPRE S\u00cd REPORTAN MUERTOS TRAS RI\u00d1A EN \u00abLA PILA\u00bb"},"content":{"rendered":"\n<p>Esta noche de lunes 05 de mayo, la Fiscal\u00eda General del Estado confirma que dos reclusos del Penal de \u201cLa Pila\u201d fallecieron, tras presuntamente haber estado involucrados en la reyerta registrada ayer domingo dentro del Centro Penitenciario estatal.<\/p>\n\n\n\n<p>Esta confirmaci\u00f3n por parte de la FGE se brinda m\u00e1s de veinticuatro horas despu\u00e9s de ocurridos los hechos.<\/p>\n\n\n\n<p>La noche del domingo, la Secretar\u00eda de Seguridad Estatal hab\u00eda informado que durante una ri\u00f1a resultaron heridos siete reclusos, dos de los cuales report\u00f3 como \u201cgraves\u201d. Veinticuatro horas despu\u00e9s la FGE informa que ambos murieron \u201cen el hospital\u201d<\/p>\n","protected":false},"excerpt":{"rendered":"<p>Esta noche de lunes 05 de mayo, la Fiscal\u00eda General del Estado confirma que dos reclusos del Penal de \u201cLa Pila\u201d fallecieron, tras presuntamente haber estado involucrados en la reyerta registrada ayer domingo dentro del Centro Penitenciario estatal. Esta confirmaci\u00f3n por parte de la FGE se brinda m\u00e1s de veinticuatro horas despu\u00e9s de ocurridos los [&hellip;]<\/p>\n","protected":false},"author":4,"featured_media":36349,"comment_status":"closed","ping_status":"closed","sticky":false,"template":"","format":"standard","meta":{"_et_pb_use_builder":"off","_et_pb_old_content":"","_et_gb_content_width":"","footnotes":""},"categories":[412,62],"tags":[],"class_list":["post-36348","post","type-post","status-publish","format-standard","has-post-thumbnail","hentry","category-destacado","category-redaccion"],"_links":{"self":[{"href":"https:\/\/gerardoduque.com.mx\/index.php?rest_route=\/wp\/v2\/posts\/36348","targetHints":{"allow":["GET"]}}],"collection":[{"href":"https:\/\/gerardoduque.com.mx\/index.php?rest_route=\/wp\/v2\/posts"}],"about":[{"href":"https:\/\/gerardoduque.com.mx\/index.php?rest_route=\/wp\/v2\/types\/post"}],"author":[{"embeddable":true,"href":"https:\/\/gerardoduque.com.mx\/index.php?rest_route=\/wp\/v2\/users\/4"}],"replies":[{"embeddable":true,"href":"https:\/\/gerardoduque.com.mx\/index.php?rest_route=%2Fwp%2Fv2%2Fcomments&post=36348"}],"version-history":[{"count":0,"href":"https:\/\/gerardoduque.com.mx\/index.php?rest_route=\/wp\/v2\/posts\/36348\/revisions"}],"wp:featuredmedia":[{"embeddable":true,"href":"https:\/\/gerardoduque.com.mx\/index.php?rest_route=\/wp\/v2\/media\/36349"}],"wp:attachment":[{"href":"https:\/\/gerardoduque.com.mx\/index.php?rest_route=%2Fwp%2Fv2%2Fmedia&parent=36348"}],"wp:term":[{"taxonomy":"category","embeddable":true,"href":"https:\/\/gerardoduque.com.mx\/index.php?rest_route=%2Fwp%2Fv2%2Fcategories&post=36348"},{"taxonomy":"post_tag","embeddable":true,"href":"https:\/\/gerardoduque.com.mx\/index.php?rest_route=%2Fwp%2Fv2%2Ftags&post=36348"}],"curies":[{"name":"wp","href":"https:\/\/api.w.org\/{rel}","templated":true}]}}