{"id":36322,"date":"2025-05-05T00:05:23","date_gmt":"2025-05-05T06:05:23","guid":{"rendered":"https:\/\/gerardoduque.com.mx\/?p=36322"},"modified":"2025-05-05T00:05:31","modified_gmt":"2025-05-05T06:05:31","slug":"siete-reclusos-heridos-en-la-pila-reportan-las-autoridades","status":"publish","type":"post","link":"https:\/\/gerardoduque.com.mx\/?p=36322","title":{"rendered":"SIETE RECLUSOS HERIDOS EN \u201cLA PILA\u201d, REPORTAN LAS AUTORIDADES"},"content":{"rendered":"\n<p>Esta noche de domingo, la Secretar\u00eda de Seguridad y Protecci\u00f3n Ciudadana del Estado inform\u00f3 que ya impuso el orden al interior del Centro de Prevenci\u00f3n y Reinserci\u00f3n Social N\u00famero 1, ubicado en la Delegaci\u00f3n La Pila, en la ciudad de San Luis Potos\u00ed. Ello, tras una ri\u00f1a entre internos<\/p>\n\n\n\n<p>La Secretar\u00eda de Seguridad inform\u00f3 que siete personas privadas de la libertad resultaron lesionadas.<\/p>\n\n\n\n<p>\u201cEl Secretario de Seguridad P\u00fablica en el Estado, Jes\u00fas Ju\u00e1rez Hern\u00e1ndez, detall\u00f3 que al anochecer de este domingo se suscit\u00f3 una ri\u00f1a entre PPL&#8217;s de distintos dormitorios, por lo que la seguridad interna del Centro de Reinserci\u00f3n implement\u00f3 un operativo de control, asistidos por personal de la Comisi\u00f3n Estatal de Derechos Humanos, y al exterior, de la Guardia Civil Estatal y el Ej\u00e9rcito Mexicano\u201d.<\/p>\n\n\n\n<p>La Secretar\u00eda detall\u00f3 que dos de los internos fueron heridos de gravedad.<\/p>\n\n\n\n<p>Todos los lesionados fueron trasladados a un hospital para ser atendidos<\/p>\n\n\n\n<p>Adem\u00e1s, dos PPL&#8217;s fueron retenidos y aislados de los dormitorios por su presunta responsabilidad en los hechos, mismos que ser\u00e1n trasladados a otro centro penitenciario en el Estado.<\/p>\n\n\n\n<p>Jes\u00fas Ju\u00e1rez Hern\u00e1ndez afirm\u00f3 que a las 21:00 horas se control\u00f3 la situaci\u00f3n, adem\u00e1s de que fueron atendidos por las autoridades y por la CEDH familiares que acudieron al centro de reclusi\u00f3n para saber sobre la situaci\u00f3n.<\/p>\n","protected":false},"excerpt":{"rendered":"<p>Dos de los lesionados se encuentran en estado grave <\/p>\n","protected":false},"author":4,"featured_media":36323,"comment_status":"closed","ping_status":"closed","sticky":false,"template":"","format":"standard","meta":{"_et_pb_use_builder":"off","_et_pb_old_content":"","_et_gb_content_width":"","footnotes":""},"categories":[412,62],"tags":[],"class_list":["post-36322","post","type-post","status-publish","format-standard","has-post-thumbnail","hentry","category-destacado","category-redaccion"],"_links":{"self":[{"href":"https:\/\/gerardoduque.com.mx\/index.php?rest_route=\/wp\/v2\/posts\/36322","targetHints":{"allow":["GET"]}}],"collection":[{"href":"https:\/\/gerardoduque.com.mx\/index.php?rest_route=\/wp\/v2\/posts"}],"about":[{"href":"https:\/\/gerardoduque.com.mx\/index.php?rest_route=\/wp\/v2\/types\/post"}],"author":[{"embeddable":true,"href":"https:\/\/gerardoduque.com.mx\/index.php?rest_route=\/wp\/v2\/users\/4"}],"replies":[{"embeddable":true,"href":"https:\/\/gerardoduque.com.mx\/index.php?rest_route=%2Fwp%2Fv2%2Fcomments&post=36322"}],"version-history":[{"count":0,"href":"https:\/\/gerardoduque.com.mx\/index.php?rest_route=\/wp\/v2\/posts\/36322\/revisions"}],"wp:featuredmedia":[{"embeddable":true,"href":"https:\/\/gerardoduque.com.mx\/index.php?rest_route=\/wp\/v2\/media\/36323"}],"wp:attachment":[{"href":"https:\/\/gerardoduque.com.mx\/index.php?rest_route=%2Fwp%2Fv2%2Fmedia&parent=36322"}],"wp:term":[{"taxonomy":"category","embeddable":true,"href":"https:\/\/gerardoduque.com.mx\/index.php?rest_route=%2Fwp%2Fv2%2Fcategories&post=36322"},{"taxonomy":"post_tag","embeddable":true,"href":"https:\/\/gerardoduque.com.mx\/index.php?rest_route=%2Fwp%2Fv2%2Ftags&post=36322"}],"curies":[{"name":"wp","href":"https:\/\/api.w.org\/{rel}","templated":true}]}}