{"id":36304,"date":"2025-05-04T12:03:33","date_gmt":"2025-05-04T18:03:33","guid":{"rendered":"https:\/\/gerardoduque.com.mx\/?p=36304"},"modified":"2025-05-04T12:03:42","modified_gmt":"2025-05-04T18:03:42","slug":"llegaran-recursos-a-39-municipios-de-slp-para-destinar-a-policias-municipales","status":"publish","type":"post","link":"https:\/\/gerardoduque.com.mx\/?p=36304","title":{"rendered":"LLEGAR\u00c1N RECURSOS A 39 MUNICIPIOS DE SLP PARA DESTINAR A POLIC\u00cdAS MUNICIPALES"},"content":{"rendered":"\n<p>Un total de 39 municipios acceder\u00e1n este 2025 al Fondo para el Fortalecimiento de las Instituciones de Seguridad P\u00fablica, recursos que ser\u00e1n administrados por el Secretariado Ejecutivo del Consejo Estatal de Seguridad P\u00fablica y que les permitir\u00e1 adquirir patrullas y capacitar a los elementos policiacos para una seguridad sin l\u00edmites a favor de las familias.<\/p>\n\n\n\n<p>La titular del SECESP explic\u00f3 que este a\u00f1o los municipios podr\u00e1n reforzar el \u00e1rea de equipamiento y capacitaci\u00f3n para fortalecer la paz y la seguridad.<\/p>\n\n\n\n<p>Destac\u00f3 que los municipios podr\u00e1n acceder a comprar patrullas, capacitar a sus elementos y contar con corporaciones mejor preparadas para garantizar la seguridad de los potosinos, adem\u00e1s de que 31 municipios podr\u00e1n adquirir dos unidades e incluso tres, que se suman a las ya existentes y que fortalecer\u00e1n la atenci\u00f3n a la ciudadan\u00eda.<\/p>\n","protected":false},"excerpt":{"rendered":"<p>Podr\u00e1n adquirir patrullas y capacitar a sus elementos a trav\u00e9s de recursos de federales 2025.<\/p>\n","protected":false},"author":4,"featured_media":36305,"comment_status":"closed","ping_status":"closed","sticky":false,"template":"","format":"standard","meta":{"_et_pb_use_builder":"off","_et_pb_old_content":"","_et_gb_content_width":"","footnotes":""},"categories":[412,280],"tags":[72,66,344],"class_list":["post-36304","post","type-post","status-publish","format-standard","has-post-thumbnail","hentry","category-destacado","category-gob-slp","tag-gobierno-del-estado","tag-san-luis-potosi","tag-secesp"],"_links":{"self":[{"href":"https:\/\/gerardoduque.com.mx\/index.php?rest_route=\/wp\/v2\/posts\/36304","targetHints":{"allow":["GET"]}}],"collection":[{"href":"https:\/\/gerardoduque.com.mx\/index.php?rest_route=\/wp\/v2\/posts"}],"about":[{"href":"https:\/\/gerardoduque.com.mx\/index.php?rest_route=\/wp\/v2\/types\/post"}],"author":[{"embeddable":true,"href":"https:\/\/gerardoduque.com.mx\/index.php?rest_route=\/wp\/v2\/users\/4"}],"replies":[{"embeddable":true,"href":"https:\/\/gerardoduque.com.mx\/index.php?rest_route=%2Fwp%2Fv2%2Fcomments&post=36304"}],"version-history":[{"count":0,"href":"https:\/\/gerardoduque.com.mx\/index.php?rest_route=\/wp\/v2\/posts\/36304\/revisions"}],"wp:featuredmedia":[{"embeddable":true,"href":"https:\/\/gerardoduque.com.mx\/index.php?rest_route=\/wp\/v2\/media\/36305"}],"wp:attachment":[{"href":"https:\/\/gerardoduque.com.mx\/index.php?rest_route=%2Fwp%2Fv2%2Fmedia&parent=36304"}],"wp:term":[{"taxonomy":"category","embeddable":true,"href":"https:\/\/gerardoduque.com.mx\/index.php?rest_route=%2Fwp%2Fv2%2Fcategories&post=36304"},{"taxonomy":"post_tag","embeddable":true,"href":"https:\/\/gerardoduque.com.mx\/index.php?rest_route=%2Fwp%2Fv2%2Ftags&post=36304"}],"curies":[{"name":"wp","href":"https:\/\/api.w.org\/{rel}","templated":true}]}}