{"id":36259,"date":"2025-05-02T10:29:57","date_gmt":"2025-05-02T16:29:57","guid":{"rendered":"https:\/\/gerardoduque.com.mx\/?p=36259"},"modified":"2025-05-02T10:30:06","modified_gmt":"2025-05-02T16:30:06","slug":"barrio-de-tlaxcala-reconocido-por-su-patrimonio-cultural-y-religioso","status":"publish","type":"post","link":"https:\/\/gerardoduque.com.mx\/?p=36259","title":{"rendered":"BARRIO DE TLAXCALA RECONOCIDO POR SU PATRIMONIO CULTURAL Y RELIGIOSO"},"content":{"rendered":"\n<p>En el marco del Tianguis Tur\u00edstico 2025 en Tijuana, Baja California, el Barrio M\u00e1gico de Tlaxcala fue reconocido por su destacada labor en la preservaci\u00f3n del patrimonio cultural y religioso, consolid\u00e1ndose como uno de los principales referentes tur\u00edsticos del pa\u00eds.<\/p>\n\n\n\n<p>Durante la ceremonia, se resalt\u00f3 el esfuerzo sin l\u00edmites del Gobierno Estatal que rescat\u00f3 todas las calles y el atrio de la iglesia del barrio, sitios que con apoyo estatal mantienen viva la identidad hist\u00f3rica mediante el impulso de las festividades y expresiones de fe popular, como en Semana Santa con los altares de dolores en el Callej\u00f3n del Buche, entre otras.<\/p>\n\n\n\n<p>La distinci\u00f3n fue entregada por el director General de la plataforma especializada en turismo M\u00e9xico Extraordinario, Armando de la Garza y Jos\u00e9 Carlos de Santiago, en representaci\u00f3n de Alejandro Rub\u00edn Carballo, presidente de la Asociaci\u00f3n Internacional para la Cooperaci\u00f3n y Desarrollo Tur\u00edstico.<\/p>\n","protected":false},"excerpt":{"rendered":"<p>Durante el Tianguis Tur\u00edstico 2025 en Tijuana, Baja California destac\u00f3 por sus festividades y expresiones de fe popular.<\/p>\n","protected":false},"author":4,"featured_media":36260,"comment_status":"closed","ping_status":"closed","sticky":false,"template":"","format":"standard","meta":{"_et_pb_use_builder":"off","_et_pb_old_content":"","_et_gb_content_width":"","footnotes":""},"categories":[412,280],"tags":[72,66],"class_list":["post-36259","post","type-post","status-publish","format-standard","has-post-thumbnail","hentry","category-destacado","category-gob-slp","tag-gobierno-del-estado","tag-san-luis-potosi"],"_links":{"self":[{"href":"https:\/\/gerardoduque.com.mx\/index.php?rest_route=\/wp\/v2\/posts\/36259","targetHints":{"allow":["GET"]}}],"collection":[{"href":"https:\/\/gerardoduque.com.mx\/index.php?rest_route=\/wp\/v2\/posts"}],"about":[{"href":"https:\/\/gerardoduque.com.mx\/index.php?rest_route=\/wp\/v2\/types\/post"}],"author":[{"embeddable":true,"href":"https:\/\/gerardoduque.com.mx\/index.php?rest_route=\/wp\/v2\/users\/4"}],"replies":[{"embeddable":true,"href":"https:\/\/gerardoduque.com.mx\/index.php?rest_route=%2Fwp%2Fv2%2Fcomments&post=36259"}],"version-history":[{"count":0,"href":"https:\/\/gerardoduque.com.mx\/index.php?rest_route=\/wp\/v2\/posts\/36259\/revisions"}],"wp:featuredmedia":[{"embeddable":true,"href":"https:\/\/gerardoduque.com.mx\/index.php?rest_route=\/wp\/v2\/media\/36260"}],"wp:attachment":[{"href":"https:\/\/gerardoduque.com.mx\/index.php?rest_route=%2Fwp%2Fv2%2Fmedia&parent=36259"}],"wp:term":[{"taxonomy":"category","embeddable":true,"href":"https:\/\/gerardoduque.com.mx\/index.php?rest_route=%2Fwp%2Fv2%2Fcategories&post=36259"},{"taxonomy":"post_tag","embeddable":true,"href":"https:\/\/gerardoduque.com.mx\/index.php?rest_route=%2Fwp%2Fv2%2Ftags&post=36259"}],"curies":[{"name":"wp","href":"https:\/\/api.w.org\/{rel}","templated":true}]}}