{"id":36252,"date":"2025-05-01T13:05:36","date_gmt":"2025-05-01T19:05:36","guid":{"rendered":"https:\/\/gerardoduque.com.mx\/?p=36252"},"modified":"2025-05-01T13:05:46","modified_gmt":"2025-05-01T19:05:46","slug":"abandonaron-feto-en-los-banos-del-imss-cuauhtemoc-en-slp-capital","status":"publish","type":"post","link":"https:\/\/gerardoduque.com.mx\/?p=36252","title":{"rendered":"ABANDONARON FETO EN LOS BA\u00d1OS DEL IMSS CUAUHT\u00c9MOC EN SLP CAPITAL"},"content":{"rendered":"\n<p>La tarde del mi\u00e9rcoles 30 de abril, un hecho estremeci\u00f3 a usuarios y trabajadores de la Cl\u00ednica No. 2 del IMSS en la capital potosina.<\/p>\n\n\n\n<p>Un feto humano fue encontrado -a\u00fan con la placenta- en uno de los ba\u00f1os del \u00e1rea de Urgencias.<\/p>\n\n\n\n<p>Fueron derechohabientes quienes hicieron el hallazgo y notificaron de inmediato al personal de la cl\u00ednica y a los directivos.<\/p>\n\n\n\n<p>Por tratarse de la posible comisi\u00f3n de un delito tambi\u00e9n se dio parte a las autoridades competentes.<\/p>\n\n\n\n<p>La noche del mi\u00e9rcoles, a trav\u00e9s de un comunicado, la Fiscal\u00eda General del Estado confirm\u00f3 que se abri\u00f3 una carpeta de investigaci\u00f3n.<\/p>\n\n\n\n<p>Elementos de la Polic\u00eda de Investigaci\u00f3n (PDI) acudieron al hospital ubicado en avenida Cuauht\u00e9moc para confirmar el reporte y realizar el levantamiento del cuerpo, el cual fue trasladado por la Vicefiscal\u00eda Cient\u00edfica para los procedimientos legales correspondientes.<\/p>\n\n\n\n<p>A pesar de contar con c\u00e1maras de seguridad y personal en el lugar del hallazgo, hasta la tarde de este jueves no se ha revelado si las autoridades ya tienen identificada a la persona que dej\u00f3 abandonado el producto.<\/p>\n","protected":false},"excerpt":{"rendered":"<p>La FGE no ha revelado qui\u00e9n abandon\u00f3 el producto  <\/p>\n","protected":false},"author":4,"featured_media":36254,"comment_status":"closed","ping_status":"closed","sticky":false,"template":"","format":"standard","meta":{"_et_pb_use_builder":"off","_et_pb_old_content":"","_et_gb_content_width":"","footnotes":""},"categories":[412,62],"tags":[],"class_list":["post-36252","post","type-post","status-publish","format-standard","has-post-thumbnail","hentry","category-destacado","category-redaccion"],"_links":{"self":[{"href":"https:\/\/gerardoduque.com.mx\/index.php?rest_route=\/wp\/v2\/posts\/36252","targetHints":{"allow":["GET"]}}],"collection":[{"href":"https:\/\/gerardoduque.com.mx\/index.php?rest_route=\/wp\/v2\/posts"}],"about":[{"href":"https:\/\/gerardoduque.com.mx\/index.php?rest_route=\/wp\/v2\/types\/post"}],"author":[{"embeddable":true,"href":"https:\/\/gerardoduque.com.mx\/index.php?rest_route=\/wp\/v2\/users\/4"}],"replies":[{"embeddable":true,"href":"https:\/\/gerardoduque.com.mx\/index.php?rest_route=%2Fwp%2Fv2%2Fcomments&post=36252"}],"version-history":[{"count":0,"href":"https:\/\/gerardoduque.com.mx\/index.php?rest_route=\/wp\/v2\/posts\/36252\/revisions"}],"wp:featuredmedia":[{"embeddable":true,"href":"https:\/\/gerardoduque.com.mx\/index.php?rest_route=\/wp\/v2\/media\/36254"}],"wp:attachment":[{"href":"https:\/\/gerardoduque.com.mx\/index.php?rest_route=%2Fwp%2Fv2%2Fmedia&parent=36252"}],"wp:term":[{"taxonomy":"category","embeddable":true,"href":"https:\/\/gerardoduque.com.mx\/index.php?rest_route=%2Fwp%2Fv2%2Fcategories&post=36252"},{"taxonomy":"post_tag","embeddable":true,"href":"https:\/\/gerardoduque.com.mx\/index.php?rest_route=%2Fwp%2Fv2%2Ftags&post=36252"}],"curies":[{"name":"wp","href":"https:\/\/api.w.org\/{rel}","templated":true}]}}