{"id":36249,"date":"2025-05-01T12:12:13","date_gmt":"2025-05-01T18:12:13","guid":{"rendered":"https:\/\/gerardoduque.com.mx\/?p=36249"},"modified":"2025-05-01T12:12:23","modified_gmt":"2025-05-01T18:12:23","slug":"muere-adolescente-alcanzada-por-balas-en-festejo-comunitario","status":"publish","type":"post","link":"https:\/\/gerardoduque.com.mx\/?p=36249","title":{"rendered":"MUERE ADOLESCENTE ALCANZADA POR BALAS EN FESTEJO COMUNITARIO"},"content":{"rendered":"\n<p>Una jovencita de 17 a\u00f1os de edad perdi\u00f3 la vida tras resultar gravemente herida por disparos de arma de fuego.<\/p>\n\n\n\n<p>F\u00e1tima Michelle estuvo varias horas hospitalizada en Ciudad Valles, pero su condici\u00f3n era extremadamente delicada debido a que una bala le impact\u00f3 en la cabeza y otra en la espalda.<\/p>\n\n\n\n<p>Los hechos ocurrieron en la localidad de Las Moras, perteneciente al municipio de Pisaflores.<\/p>\n\n\n\n<p>En esa zona comunidad de la huasteca hidalguense el festejo termin\u00f3 en tragedia.<\/p>\n\n\n\n<p>Decenas de personas estaban congregadas para la celebraci\u00f3n de bodas comunitarias.<\/p>\n\n\n\n<p>En medio de la algarab\u00eda un individuo plenamente identificado dispar\u00f3 un arma en repetidas ocasiones. Dos de las balas alcanzaron a F\u00e1tima Michelle, quien era estudiante de bachillerato.<\/p>\n\n\n\n<p>Herida, fue llevada de urgencia a una cl\u00ednica ubicada en Tamazunchale, San Luis Potos\u00ed<\/p>\n\n\n\n<p>Lety Mata -mam\u00e1 de F\u00e1tima- public\u00f3 la foto de un individuo en su muro de Facebook y escribi\u00f3:<\/p>\n\n\n\n<p>\u201cesta persona dispar\u00f3 ayer y por su indiscreci\u00f3n le dio un balazo a mi hija, se llama Alejandrino y por su causa mi hija est\u00e1 muy grave\u201d.<\/p>\n\n\n\n<p>Debido a su estado extremadamente grave, F\u00e1tima debi\u00f3 ser trasladada de Tamazunchale hacia el hospital del IMSS en Ciudad Valles (San Luis Potos\u00ed), donde lamentablemente falleci\u00f3.<\/p>\n\n\n\n<p>Hasta el momento las autoridades no han informado sobre el paradero del sujeto armado que desencaden\u00f3 esta tragedia.<\/p>\n","protected":false},"excerpt":{"rendered":"<p>El sujeto que dispar\u00f3 se encuentra libre <\/p>\n","protected":false},"author":4,"featured_media":36250,"comment_status":"closed","ping_status":"closed","sticky":false,"template":"","format":"standard","meta":{"_et_pb_use_builder":"off","_et_pb_old_content":"","_et_gb_content_width":"","footnotes":""},"categories":[412,62],"tags":[],"class_list":["post-36249","post","type-post","status-publish","format-standard","has-post-thumbnail","hentry","category-destacado","category-redaccion"],"_links":{"self":[{"href":"https:\/\/gerardoduque.com.mx\/index.php?rest_route=\/wp\/v2\/posts\/36249","targetHints":{"allow":["GET"]}}],"collection":[{"href":"https:\/\/gerardoduque.com.mx\/index.php?rest_route=\/wp\/v2\/posts"}],"about":[{"href":"https:\/\/gerardoduque.com.mx\/index.php?rest_route=\/wp\/v2\/types\/post"}],"author":[{"embeddable":true,"href":"https:\/\/gerardoduque.com.mx\/index.php?rest_route=\/wp\/v2\/users\/4"}],"replies":[{"embeddable":true,"href":"https:\/\/gerardoduque.com.mx\/index.php?rest_route=%2Fwp%2Fv2%2Fcomments&post=36249"}],"version-history":[{"count":0,"href":"https:\/\/gerardoduque.com.mx\/index.php?rest_route=\/wp\/v2\/posts\/36249\/revisions"}],"wp:featuredmedia":[{"embeddable":true,"href":"https:\/\/gerardoduque.com.mx\/index.php?rest_route=\/wp\/v2\/media\/36250"}],"wp:attachment":[{"href":"https:\/\/gerardoduque.com.mx\/index.php?rest_route=%2Fwp%2Fv2%2Fmedia&parent=36249"}],"wp:term":[{"taxonomy":"category","embeddable":true,"href":"https:\/\/gerardoduque.com.mx\/index.php?rest_route=%2Fwp%2Fv2%2Fcategories&post=36249"},{"taxonomy":"post_tag","embeddable":true,"href":"https:\/\/gerardoduque.com.mx\/index.php?rest_route=%2Fwp%2Fv2%2Ftags&post=36249"}],"curies":[{"name":"wp","href":"https:\/\/api.w.org\/{rel}","templated":true}]}}