{"id":36210,"date":"2025-04-30T12:58:12","date_gmt":"2025-04-30T18:58:12","guid":{"rendered":"https:\/\/gerardoduque.com.mx\/?p=36210"},"modified":"2025-04-30T12:58:21","modified_gmt":"2025-04-30T18:58:21","slug":"registran-gran-afluencia-de-visitantes-a-cascada-el-meco","status":"publish","type":"post","link":"https:\/\/gerardoduque.com.mx\/?p=36210","title":{"rendered":"REGISTRAN GRAN AFLUENCIA DE VISITANTES A CASCADA \u201cEL MECO\u201d"},"content":{"rendered":"\n<p>Escondida entre la exuberante vegetaci\u00f3n de la Huasteca potosina, la cascada de \u201cEl Meco\u201d ubicada en El Naranjo fue uno de los escenarios naturales en San Luis Potos\u00ed que atrajo a m\u00e1s de 2 millones de visitantes durante las dos semanas de vacaciones en Semana Santa.<\/p>\n\n\n\n<p>A 270 kil\u00f3metros de la capital del Estado, que forma parte de la \u201cRuta Turquesa\u201d, un circuito tur\u00edstico que deslumbra con sus aguas cristalinas y tonos azulados. Los visitantes que acudieron a este paraje durante estas vacaciones fueron conquistados con la belleza de su ca\u00edda de 35 metros, que fluye sobre terrazas naturales y ofrece un espect\u00e1culo visual pocas veces visto.<\/p>\n\n\n\n<p>Este paraje, junto a las cascadas de \u201cEl Salto\u201d y \u201cMinas Viejas\u201d, conforma un corredor de maravillas naturales que han posicionado a San Luis Potos\u00ed como uno de los destinos ecotur\u00edsticos m\u00e1s importantes del pa\u00eds.<\/p>\n","protected":false},"excerpt":{"rendered":"<p>Ubicada en el municipio de El Naranjo, fue disfrutada y admirada por miles de personas durante las vacaciones de semana santa.<\/p>\n","protected":false},"author":4,"featured_media":36213,"comment_status":"closed","ping_status":"closed","sticky":false,"template":"","format":"standard","meta":{"_et_pb_use_builder":"off","_et_pb_old_content":"","_et_gb_content_width":"","footnotes":""},"categories":[412,280],"tags":[72,66,316],"class_list":["post-36210","post","type-post","status-publish","format-standard","has-post-thumbnail","hentry","category-destacado","category-gob-slp","tag-gobierno-del-estado","tag-san-luis-potosi","tag-sectur"],"_links":{"self":[{"href":"https:\/\/gerardoduque.com.mx\/index.php?rest_route=\/wp\/v2\/posts\/36210","targetHints":{"allow":["GET"]}}],"collection":[{"href":"https:\/\/gerardoduque.com.mx\/index.php?rest_route=\/wp\/v2\/posts"}],"about":[{"href":"https:\/\/gerardoduque.com.mx\/index.php?rest_route=\/wp\/v2\/types\/post"}],"author":[{"embeddable":true,"href":"https:\/\/gerardoduque.com.mx\/index.php?rest_route=\/wp\/v2\/users\/4"}],"replies":[{"embeddable":true,"href":"https:\/\/gerardoduque.com.mx\/index.php?rest_route=%2Fwp%2Fv2%2Fcomments&post=36210"}],"version-history":[{"count":0,"href":"https:\/\/gerardoduque.com.mx\/index.php?rest_route=\/wp\/v2\/posts\/36210\/revisions"}],"wp:featuredmedia":[{"embeddable":true,"href":"https:\/\/gerardoduque.com.mx\/index.php?rest_route=\/wp\/v2\/media\/36213"}],"wp:attachment":[{"href":"https:\/\/gerardoduque.com.mx\/index.php?rest_route=%2Fwp%2Fv2%2Fmedia&parent=36210"}],"wp:term":[{"taxonomy":"category","embeddable":true,"href":"https:\/\/gerardoduque.com.mx\/index.php?rest_route=%2Fwp%2Fv2%2Fcategories&post=36210"},{"taxonomy":"post_tag","embeddable":true,"href":"https:\/\/gerardoduque.com.mx\/index.php?rest_route=%2Fwp%2Fv2%2Ftags&post=36210"}],"curies":[{"name":"wp","href":"https:\/\/api.w.org\/{rel}","templated":true}]}}