{"id":36035,"date":"2025-04-28T07:15:43","date_gmt":"2025-04-28T13:15:43","guid":{"rendered":"https:\/\/gerardoduque.com.mx\/?p=36035"},"modified":"2025-04-28T07:15:51","modified_gmt":"2025-04-28T13:15:51","slug":"tarimera-en-soledad-de-graciano-sanchez-se-incendio-por-cuarta-ocasion","status":"publish","type":"post","link":"https:\/\/gerardoduque.com.mx\/?p=36035","title":{"rendered":"TARIMERA EN SOLEDAD DE GRACIANO S\u00c1NCHEZ SE INCENDI\u00d3 POR CUARTA OCASI\u00d3N"},"content":{"rendered":"\n<p>Cuerpos de emergencia atienden incendio en tarimera ubicada en Valent\u00edn Amador y carretera Matehuala. La tarde de este domingo personal de la dependencia, bomberos metropolitanos y protecci\u00f3n civil de Soledad de Graciano S\u00e1nchez se trasladaron al lugar, luego de que fuera reportado el siniestro.<\/p>\n\n\n\n<p>Cabe se\u00f1alar que esta ser\u00eda la cuarta vez que se incendia este predio, ya que durante la madrugada de este domingo se volvi\u00f3 a prender, el cual fue atendido por cuerpos de emergencia, logrando sofocarlo por completo las 4:00 horas.<\/p>\n\n\n\n<p>Cabe se\u00f1alar que este lugar cuenta con cinta preventiva para evitar que ingresen personas al lugar, sin embargo, se sigue sin respetar la se\u00f1al\u00e9tica restrictiva, poniendo en riesgo su integridad f\u00edsica.<\/p>\n","protected":false},"excerpt":{"rendered":"<p>Este predio el cual incluso cuenta con se\u00f1al\u00e9tica restrictiva para evitar que personas ingresen al lugar.<\/p>\n","protected":false},"author":4,"featured_media":36036,"comment_status":"closed","ping_status":"closed","sticky":false,"template":"","format":"standard","meta":{"_et_pb_use_builder":"off","_et_pb_old_content":"","_et_gb_content_width":"","footnotes":""},"categories":[412,280],"tags":[190,72,66],"class_list":["post-36035","post","type-post","status-publish","format-standard","has-post-thumbnail","hentry","category-destacado","category-gob-slp","tag-cepc","tag-gobierno-del-estado","tag-san-luis-potosi"],"_links":{"self":[{"href":"https:\/\/gerardoduque.com.mx\/index.php?rest_route=\/wp\/v2\/posts\/36035","targetHints":{"allow":["GET"]}}],"collection":[{"href":"https:\/\/gerardoduque.com.mx\/index.php?rest_route=\/wp\/v2\/posts"}],"about":[{"href":"https:\/\/gerardoduque.com.mx\/index.php?rest_route=\/wp\/v2\/types\/post"}],"author":[{"embeddable":true,"href":"https:\/\/gerardoduque.com.mx\/index.php?rest_route=\/wp\/v2\/users\/4"}],"replies":[{"embeddable":true,"href":"https:\/\/gerardoduque.com.mx\/index.php?rest_route=%2Fwp%2Fv2%2Fcomments&post=36035"}],"version-history":[{"count":0,"href":"https:\/\/gerardoduque.com.mx\/index.php?rest_route=\/wp\/v2\/posts\/36035\/revisions"}],"wp:featuredmedia":[{"embeddable":true,"href":"https:\/\/gerardoduque.com.mx\/index.php?rest_route=\/wp\/v2\/media\/36036"}],"wp:attachment":[{"href":"https:\/\/gerardoduque.com.mx\/index.php?rest_route=%2Fwp%2Fv2%2Fmedia&parent=36035"}],"wp:term":[{"taxonomy":"category","embeddable":true,"href":"https:\/\/gerardoduque.com.mx\/index.php?rest_route=%2Fwp%2Fv2%2Fcategories&post=36035"},{"taxonomy":"post_tag","embeddable":true,"href":"https:\/\/gerardoduque.com.mx\/index.php?rest_route=%2Fwp%2Fv2%2Ftags&post=36035"}],"curies":[{"name":"wp","href":"https:\/\/api.w.org\/{rel}","templated":true}]}}