{"id":35977,"date":"2025-04-25T07:11:10","date_gmt":"2025-04-25T13:11:10","guid":{"rendered":"https:\/\/gerardoduque.com.mx\/?p=35977"},"modified":"2025-04-25T07:11:16","modified_gmt":"2025-04-25T13:11:16","slug":"promueven-turismo-en-municipio-de-tierranueva","status":"publish","type":"post","link":"https:\/\/gerardoduque.com.mx\/?p=35977","title":{"rendered":"PROMUEVEN TURISMO EN MUNICIPIO DE TIERRANUEVA"},"content":{"rendered":"\n<p>Con la temporada de Pascua llegando a su fin el domingo 27 de abril, el Pueblo M\u00e1gico de Tierranueva se perfila como una de las mejores opciones para quienes buscan un respiro cultural, natural y gastron\u00f3mico sin alejarse demasiado de casa, al estar ubicado a 77 kil\u00f3metros de la capital, con una oferta que combina historia, tradici\u00f3n y naturaleza.<\/p>\n\n\n\n<p>Con calles empedradas que conducen a la parroquia de \u201cSan Nicol\u00e1s Tolentino\u201d, una joya arquitect\u00f3nica que refleja el legado colonial del municipio, la plaza principal vibra con la alegr\u00eda y destaca la gastronom\u00eda local con las enchiladas potosinas, el asado de boda y los dulces t\u00edpicos.<\/p>\n\n\n\n<p>Con accesos viales modernos y funcionales, y con el respaldo y apoyo sin l\u00edmite del Gobierno que encabeza Ricardo Gallardo Cardona, Tierranueva abre sus puertas, con su tradici\u00f3n sombrerera y para quienes buscan contacto con la naturaleza, el ascenso al Cerro \u201cLa Mesa\u201d y la presa \u201cLa Mu\u00f1eca\u201d, son las opciones para relajarse en familia.<\/p>\n","protected":false},"excerpt":{"rendered":"<p>Ubicado a solo 77 kil\u00f3metros de la capital potosina, este municipio abre sus puertas con una oferta tur\u00edstica que combina historia, tradici\u00f3n y naturaleza.<\/p>\n","protected":false},"author":4,"featured_media":35978,"comment_status":"closed","ping_status":"closed","sticky":false,"template":"","format":"standard","meta":{"_et_pb_use_builder":"off","_et_pb_old_content":"","_et_gb_content_width":"","footnotes":""},"categories":[412,280],"tags":[72,66,316],"class_list":["post-35977","post","type-post","status-publish","format-standard","has-post-thumbnail","hentry","category-destacado","category-gob-slp","tag-gobierno-del-estado","tag-san-luis-potosi","tag-sectur"],"_links":{"self":[{"href":"https:\/\/gerardoduque.com.mx\/index.php?rest_route=\/wp\/v2\/posts\/35977","targetHints":{"allow":["GET"]}}],"collection":[{"href":"https:\/\/gerardoduque.com.mx\/index.php?rest_route=\/wp\/v2\/posts"}],"about":[{"href":"https:\/\/gerardoduque.com.mx\/index.php?rest_route=\/wp\/v2\/types\/post"}],"author":[{"embeddable":true,"href":"https:\/\/gerardoduque.com.mx\/index.php?rest_route=\/wp\/v2\/users\/4"}],"replies":[{"embeddable":true,"href":"https:\/\/gerardoduque.com.mx\/index.php?rest_route=%2Fwp%2Fv2%2Fcomments&post=35977"}],"version-history":[{"count":0,"href":"https:\/\/gerardoduque.com.mx\/index.php?rest_route=\/wp\/v2\/posts\/35977\/revisions"}],"wp:featuredmedia":[{"embeddable":true,"href":"https:\/\/gerardoduque.com.mx\/index.php?rest_route=\/wp\/v2\/media\/35978"}],"wp:attachment":[{"href":"https:\/\/gerardoduque.com.mx\/index.php?rest_route=%2Fwp%2Fv2%2Fmedia&parent=35977"}],"wp:term":[{"taxonomy":"category","embeddable":true,"href":"https:\/\/gerardoduque.com.mx\/index.php?rest_route=%2Fwp%2Fv2%2Fcategories&post=35977"},{"taxonomy":"post_tag","embeddable":true,"href":"https:\/\/gerardoduque.com.mx\/index.php?rest_route=%2Fwp%2Fv2%2Ftags&post=35977"}],"curies":[{"name":"wp","href":"https:\/\/api.w.org\/{rel}","templated":true}]}}