{"id":35959,"date":"2025-04-24T16:28:06","date_gmt":"2025-04-24T22:28:06","guid":{"rendered":"https:\/\/gerardoduque.com.mx\/?p=35959"},"modified":"2025-04-24T16:28:14","modified_gmt":"2025-04-24T22:28:14","slug":"nueva-base-de-la-guardia-civil-estatal-en-real-de-catorce","status":"publish","type":"post","link":"https:\/\/gerardoduque.com.mx\/?p=35959","title":{"rendered":"NUEVA BASE DE LA GUARDIA CIVIL ESTATAL EN REAL DE CATORCE"},"content":{"rendered":"\n<p>El Gobierno del Estado puso en o<a><\/a>peraci\u00f3n una nueva base de la Guardia Civil Estatal en el municipio de Real de Catorce<\/p>\n\n\n\n<p>Con ello, se busca fortalecer la estrategia integral de seguridad en la regi\u00f3n Altiplano<\/p>\n\n\n\n<p>Los beneficios de la nueva base de la GCE ser\u00e1n tambi\u00e9n para el turismo nacional y extranjero que arriba durante todo el a\u00f1o a este municipio.<\/p>\n\n\n\n<p>Con esta base se agilizar\u00e1 la atenci\u00f3n ciudadana y se reforzar\u00e1 la capacidad de respuesta ante cualquier situaci\u00f3n, desde auxilios cotidianos hasta intervenciones en hechos de alto impacto<\/p>\n\n\n\n<p>El encargado de la GCE, Rosalio Ramos Garc\u00eda, destac\u00f3 que esta nueva instalaci\u00f3n permitir\u00e1 un despliegue operativo m\u00e1s amplio, garantizando el orden y la paz p\u00fablica en la zona.<\/p>\n\n\n\n<p>Asimismo, se\u00f1al\u00f3 que los elementos asignados se coordinar\u00e1n estrechamente con autoridades de los tres \u00f3rdenes de gobierno, mediante operativos como \u201cAltiplano Seguro\u201d y la Base de Operaciones Mixta Interinstitucional (BOMI).<\/p>\n","protected":false},"excerpt":{"rendered":"<p>En el Altiplano potosino <\/p>\n","protected":false},"author":4,"featured_media":35961,"comment_status":"closed","ping_status":"closed","sticky":false,"template":"","format":"standard","meta":{"_et_pb_use_builder":"off","_et_pb_old_content":"","_et_gb_content_width":"","footnotes":""},"categories":[412,280],"tags":[],"class_list":["post-35959","post","type-post","status-publish","format-standard","has-post-thumbnail","hentry","category-destacado","category-gob-slp"],"_links":{"self":[{"href":"https:\/\/gerardoduque.com.mx\/index.php?rest_route=\/wp\/v2\/posts\/35959","targetHints":{"allow":["GET"]}}],"collection":[{"href":"https:\/\/gerardoduque.com.mx\/index.php?rest_route=\/wp\/v2\/posts"}],"about":[{"href":"https:\/\/gerardoduque.com.mx\/index.php?rest_route=\/wp\/v2\/types\/post"}],"author":[{"embeddable":true,"href":"https:\/\/gerardoduque.com.mx\/index.php?rest_route=\/wp\/v2\/users\/4"}],"replies":[{"embeddable":true,"href":"https:\/\/gerardoduque.com.mx\/index.php?rest_route=%2Fwp%2Fv2%2Fcomments&post=35959"}],"version-history":[{"count":0,"href":"https:\/\/gerardoduque.com.mx\/index.php?rest_route=\/wp\/v2\/posts\/35959\/revisions"}],"wp:featuredmedia":[{"embeddable":true,"href":"https:\/\/gerardoduque.com.mx\/index.php?rest_route=\/wp\/v2\/media\/35961"}],"wp:attachment":[{"href":"https:\/\/gerardoduque.com.mx\/index.php?rest_route=%2Fwp%2Fv2%2Fmedia&parent=35959"}],"wp:term":[{"taxonomy":"category","embeddable":true,"href":"https:\/\/gerardoduque.com.mx\/index.php?rest_route=%2Fwp%2Fv2%2Fcategories&post=35959"},{"taxonomy":"post_tag","embeddable":true,"href":"https:\/\/gerardoduque.com.mx\/index.php?rest_route=%2Fwp%2Fv2%2Ftags&post=35959"}],"curies":[{"name":"wp","href":"https:\/\/api.w.org\/{rel}","templated":true}]}}