{"id":35941,"date":"2025-04-24T07:46:35","date_gmt":"2025-04-24T13:46:35","guid":{"rendered":"https:\/\/gerardoduque.com.mx\/?p=35941"},"modified":"2025-04-24T07:46:42","modified_gmt":"2025-04-24T13:46:42","slug":"productores-de-tomate-del-estado-se-preparan-ante-aranceles","status":"publish","type":"post","link":"https:\/\/gerardoduque.com.mx\/?p=35941","title":{"rendered":"PRODUCTORES DE TOMATE DEL ESTADO SE PREPARAN ANTE ARANCELES"},"content":{"rendered":"\n<p>San Luis Potos\u00ed es uno de los principales productores de tomate en M\u00e9xico con 306 mil toneladas anuales, actividad que genera miles de empleos y contribuye a la econom\u00eda local, por lo que el Gobierno Estatal sostendr\u00e1 reuniones con productores de las regiones Centro, Altiplano y Media la pr\u00f3xima semana, para prevenir impactos por la posible aplicaci\u00f3n de un impuesto del 20.91 por ciento en tarifas aduaneras por Estados Unidos.<\/p>\n\n\n\n<p>Al respecto el secretario general de Gobierno J. Guadalupe Torres S\u00e1nchez dijo que, en cumplimiento con las instrucciones del Gobernador Ricardo Gallardo Cardona, se garantiza el apoyo a los productores de esta importante hortaliza a trav\u00e9s de la Secretar\u00eda de Desarrollo Econ\u00f3mico y la Secretar\u00eda de Desarrollo Agropecuario y Recursos Hidr\u00e1ulicos.<\/p>\n\n\n\n<p>Mencion\u00f3 que a pesar de que esa medida se aplicar\u00eda probablemente en julio, el Gobierno Estatal estar\u00e1 preparado para que productores agr\u00edcolas sigan contando con todo el apoyo a fin de que sean afectados lo menos posible.<\/p>\n","protected":false},"excerpt":{"rendered":"<p>Se trabaja en una estrategia de atenci\u00f3n ante la posible aplicaci\u00f3n de un impuesto en las tarifas aduaneras por Estados Unidos.<\/p>\n","protected":false},"author":4,"featured_media":35942,"comment_status":"closed","ping_status":"closed","sticky":false,"template":"","format":"standard","meta":{"_et_pb_use_builder":"off","_et_pb_old_content":"","_et_gb_content_width":"","footnotes":""},"categories":[412,280],"tags":[72,66,201],"class_list":["post-35941","post","type-post","status-publish","format-standard","has-post-thumbnail","hentry","category-destacado","category-gob-slp","tag-gobierno-del-estado","tag-san-luis-potosi","tag-sedeco"],"_links":{"self":[{"href":"https:\/\/gerardoduque.com.mx\/index.php?rest_route=\/wp\/v2\/posts\/35941","targetHints":{"allow":["GET"]}}],"collection":[{"href":"https:\/\/gerardoduque.com.mx\/index.php?rest_route=\/wp\/v2\/posts"}],"about":[{"href":"https:\/\/gerardoduque.com.mx\/index.php?rest_route=\/wp\/v2\/types\/post"}],"author":[{"embeddable":true,"href":"https:\/\/gerardoduque.com.mx\/index.php?rest_route=\/wp\/v2\/users\/4"}],"replies":[{"embeddable":true,"href":"https:\/\/gerardoduque.com.mx\/index.php?rest_route=%2Fwp%2Fv2%2Fcomments&post=35941"}],"version-history":[{"count":0,"href":"https:\/\/gerardoduque.com.mx\/index.php?rest_route=\/wp\/v2\/posts\/35941\/revisions"}],"wp:featuredmedia":[{"embeddable":true,"href":"https:\/\/gerardoduque.com.mx\/index.php?rest_route=\/wp\/v2\/media\/35942"}],"wp:attachment":[{"href":"https:\/\/gerardoduque.com.mx\/index.php?rest_route=%2Fwp%2Fv2%2Fmedia&parent=35941"}],"wp:term":[{"taxonomy":"category","embeddable":true,"href":"https:\/\/gerardoduque.com.mx\/index.php?rest_route=%2Fwp%2Fv2%2Fcategories&post=35941"},{"taxonomy":"post_tag","embeddable":true,"href":"https:\/\/gerardoduque.com.mx\/index.php?rest_route=%2Fwp%2Fv2%2Ftags&post=35941"}],"curies":[{"name":"wp","href":"https:\/\/api.w.org\/{rel}","templated":true}]}}