{"id":35932,"date":"2025-04-24T07:28:03","date_gmt":"2025-04-24T13:28:03","guid":{"rendered":"https:\/\/gerardoduque.com.mx\/?p=35932"},"modified":"2025-04-24T07:28:10","modified_gmt":"2025-04-24T13:28:10","slug":"modificaran-proyecto-en-morales-para-salvaguardar-flora-y-fauna-del-parque","status":"publish","type":"post","link":"https:\/\/gerardoduque.com.mx\/?p=35932","title":{"rendered":"MODIFICAR\u00c1N PROYECTO EN MORALES PARA SALVAGUARDAR FLORA Y FAUNA DEL PARQUE"},"content":{"rendered":"\n<p>El Gobierno del Estado inform\u00f3 que mantiene labores en el parque Juan H. S\u00e1nchez, proyecto que se adecu\u00f3 para garantizar que la rehabilitaci\u00f3n no afecte al ecosistema, incluyendo vegetaci\u00f3n, \u00e1rboles y especies silvestres en general.<\/p>\n\n\n\n<p>La Secretar\u00eda de Desarrollo Urbano, Vivienda y Obras P\u00fablicas enfatiz\u00f3 que el parque ten\u00eda un deterioro considerable, detect\u00e1ndo varias zonas con \u00e1rboles previamente talados.<\/p>\n\n\n\n<p>Reiter\u00f3 que los trabajos, que se han hecho con cuidado para preservar las especies, revitalizar\u00e1n este espacio y recobrar\u00e1 la atracci\u00f3n de paseantes, quienes disfrutar\u00e1n de un espacio digno e inclusivo para la sana recreaci\u00f3n.<\/p>\n\n\n\n<p>Respecto a la construcci\u00f3n del PetPark, dijo que ser\u00e1 una zona con entrada independiente, cercada para el cuidado de las mascotas que acudan con sus due\u00f1os a pasear y hacer uso responsable de este espacio. Enfatiz\u00f3 que los accesos tradicionales al parque no se modificaron ni alteraron.<\/p>\n","protected":false},"excerpt":{"rendered":"<p>Se inform\u00f3 que, sin derribar \u00e1rboles, se edifican nuevas \u00e1reas, entre ellas el PetPark.<\/p>\n","protected":false},"author":4,"featured_media":35933,"comment_status":"closed","ping_status":"closed","sticky":false,"template":"","format":"standard","meta":{"_et_pb_use_builder":"off","_et_pb_old_content":"","_et_gb_content_width":"","footnotes":""},"categories":[412,280],"tags":[72,66,74],"class_list":["post-35932","post","type-post","status-publish","format-standard","has-post-thumbnail","hentry","category-destacado","category-gob-slp","tag-gobierno-del-estado","tag-san-luis-potosi","tag-seduvop"],"_links":{"self":[{"href":"https:\/\/gerardoduque.com.mx\/index.php?rest_route=\/wp\/v2\/posts\/35932","targetHints":{"allow":["GET"]}}],"collection":[{"href":"https:\/\/gerardoduque.com.mx\/index.php?rest_route=\/wp\/v2\/posts"}],"about":[{"href":"https:\/\/gerardoduque.com.mx\/index.php?rest_route=\/wp\/v2\/types\/post"}],"author":[{"embeddable":true,"href":"https:\/\/gerardoduque.com.mx\/index.php?rest_route=\/wp\/v2\/users\/4"}],"replies":[{"embeddable":true,"href":"https:\/\/gerardoduque.com.mx\/index.php?rest_route=%2Fwp%2Fv2%2Fcomments&post=35932"}],"version-history":[{"count":0,"href":"https:\/\/gerardoduque.com.mx\/index.php?rest_route=\/wp\/v2\/posts\/35932\/revisions"}],"wp:featuredmedia":[{"embeddable":true,"href":"https:\/\/gerardoduque.com.mx\/index.php?rest_route=\/wp\/v2\/media\/35933"}],"wp:attachment":[{"href":"https:\/\/gerardoduque.com.mx\/index.php?rest_route=%2Fwp%2Fv2%2Fmedia&parent=35932"}],"wp:term":[{"taxonomy":"category","embeddable":true,"href":"https:\/\/gerardoduque.com.mx\/index.php?rest_route=%2Fwp%2Fv2%2Fcategories&post=35932"},{"taxonomy":"post_tag","embeddable":true,"href":"https:\/\/gerardoduque.com.mx\/index.php?rest_route=%2Fwp%2Fv2%2Ftags&post=35932"}],"curies":[{"name":"wp","href":"https:\/\/api.w.org\/{rel}","templated":true}]}}