{"id":35926,"date":"2025-04-24T07:09:52","date_gmt":"2025-04-24T13:09:52","guid":{"rendered":"https:\/\/gerardoduque.com.mx\/?p=35926"},"modified":"2025-04-24T16:15:50","modified_gmt":"2025-04-24T22:15:50","slug":"reportan-como-totalmente-liquidado-incendio-en-xilitla","status":"publish","type":"post","link":"https:\/\/gerardoduque.com.mx\/?p=35926","title":{"rendered":"REPORTAN \u00abTOTALMENTE LIQUIDADO\u00bb INCENDIO EN XILITLA"},"content":{"rendered":"\n<p>La Secretar\u00eda de Ecolog\u00eda y Gesti\u00f3n Ambiental, acompa\u00f1ada del encargado de la CONAFOR en el Estado Teodoro Organista, realiz\u00f3 un sobrevuelo de supervisi\u00f3n sobre la zona afectada, por lo que confirm\u00f3 que el incendio en Xilitla ha logrado ser liquidado.<\/p>\n\n\n\n<p>En el campamento del ejido Buena Vista, ambos funcionarios se reunieron con el presidente municipal de Xilitla, y con representantes de los ejidos de Ollita del Pino, Buena Vista, Soledad, Rancho Nuevo y La Trinidad para coordinar las labores de vigilancia tras haber liquidado el 95 por ciento del siniestro contabilizando 340 hect\u00e1reas afectadas.<\/p>\n\n\n\n<p>Con el incendio ya controlado al 100 por ciento, el terreno fue entregado oficialmente a los ejidatarios, quienes se har\u00e1n cargo de la custodia para prevenir posibles reactivaciones y cuidar el ecosistema. Se reconoci\u00f3 la labor conjunta de los tres niveles de Gobierno para combatir este y otros incendios al tiempo de pedir a la poblaci\u00f3n mantenerse alerta durante la temporada y evitar conductas de riesgo<\/p>\n","protected":false},"excerpt":{"rendered":"<p>El terreno fue entregado a los ejidatarios quienes se har\u00e1n cargo de la custodia para prevenir posibles reactivaciones. <\/p>\n","protected":false},"author":4,"featured_media":35927,"comment_status":"closed","ping_status":"closed","sticky":false,"template":"","format":"standard","meta":{"_et_pb_use_builder":"off","_et_pb_old_content":"","_et_gb_content_width":"","footnotes":""},"categories":[412,280],"tags":[72,66,155],"class_list":["post-35926","post","type-post","status-publish","format-standard","has-post-thumbnail","hentry","category-destacado","category-gob-slp","tag-gobierno-del-estado","tag-san-luis-potosi","tag-segam"],"_links":{"self":[{"href":"https:\/\/gerardoduque.com.mx\/index.php?rest_route=\/wp\/v2\/posts\/35926","targetHints":{"allow":["GET"]}}],"collection":[{"href":"https:\/\/gerardoduque.com.mx\/index.php?rest_route=\/wp\/v2\/posts"}],"about":[{"href":"https:\/\/gerardoduque.com.mx\/index.php?rest_route=\/wp\/v2\/types\/post"}],"author":[{"embeddable":true,"href":"https:\/\/gerardoduque.com.mx\/index.php?rest_route=\/wp\/v2\/users\/4"}],"replies":[{"embeddable":true,"href":"https:\/\/gerardoduque.com.mx\/index.php?rest_route=%2Fwp%2Fv2%2Fcomments&post=35926"}],"version-history":[{"count":0,"href":"https:\/\/gerardoduque.com.mx\/index.php?rest_route=\/wp\/v2\/posts\/35926\/revisions"}],"wp:featuredmedia":[{"embeddable":true,"href":"https:\/\/gerardoduque.com.mx\/index.php?rest_route=\/wp\/v2\/media\/35927"}],"wp:attachment":[{"href":"https:\/\/gerardoduque.com.mx\/index.php?rest_route=%2Fwp%2Fv2%2Fmedia&parent=35926"}],"wp:term":[{"taxonomy":"category","embeddable":true,"href":"https:\/\/gerardoduque.com.mx\/index.php?rest_route=%2Fwp%2Fv2%2Fcategories&post=35926"},{"taxonomy":"post_tag","embeddable":true,"href":"https:\/\/gerardoduque.com.mx\/index.php?rest_route=%2Fwp%2Fv2%2Ftags&post=35926"}],"curies":[{"name":"wp","href":"https:\/\/api.w.org\/{rel}","templated":true}]}}