{"id":35922,"date":"2025-04-23T17:15:18","date_gmt":"2025-04-23T23:15:18","guid":{"rendered":"https:\/\/gerardoduque.com.mx\/?p=35922"},"modified":"2025-04-23T17:15:26","modified_gmt":"2025-04-23T23:15:26","slug":"inicio-registro-para-programa-de-vivienda","status":"publish","type":"post","link":"https:\/\/gerardoduque.com.mx\/?p=35922","title":{"rendered":"INICI\u00d3 REGISTRO PARA PROGRAMA DE VIVIENDA"},"content":{"rendered":"\n<p>La Secretar\u00eda de Desarrollo Social y Regional inici\u00f3 la recepci\u00f3n de documentos para el programa Tu casa, Tu apoyo, en sus oficinas ubicadas en Ignacio Aldama 330, zona centro de la capital, en un horario de 8:00 a 15:00 horas.<\/p>\n\n\n\n<p>La Sedesore registra a los posibles beneficiarios, para continuar con el llenado de la solicitud digital y record\u00f3 que algunos de los requisitos son: no contar con una propiedad de bien inmueble y que no puedan acceder a alg\u00fan tipo de cr\u00e9dito p\u00fablico o privado para adquirir una vivienda. Adem\u00e1s, el 70 por ciento del padr\u00f3n de beneficiarios lo conformar\u00e1n mujeres que no cuenten con un hogar propio o se dediquen a las labores del hogar.<\/p>\n\n\n\n<p>Los interesados tendr\u00e1n lo que queda de abril para el registro, ya que en mayo se asignar\u00e1n la mayor\u00eda de lotes.<\/p>\n\n\n\n<p>Advirti\u00f3 que no existen intermediarios para llenar solicitud o llevar documentaci\u00f3n, por lo que el tr\u00e1mite deber\u00e1 hacerse de manera individual el interesado en recibir este beneficio.<\/p>\n","protected":false},"excerpt":{"rendered":"<p>Personal de Sedesore registra a los posibles beneficiarios del programa Tu Casa Tu Apoyo en un horario de 8:00 a 15:00 horas.<\/p>\n","protected":false},"author":4,"featured_media":35923,"comment_status":"closed","ping_status":"closed","sticky":false,"template":"","format":"standard","meta":{"_et_pb_use_builder":"off","_et_pb_old_content":"","_et_gb_content_width":"","footnotes":""},"categories":[412,280],"tags":[72,66,241],"class_list":["post-35922","post","type-post","status-publish","format-standard","has-post-thumbnail","hentry","category-destacado","category-gob-slp","tag-gobierno-del-estado","tag-san-luis-potosi","tag-sedesore"],"_links":{"self":[{"href":"https:\/\/gerardoduque.com.mx\/index.php?rest_route=\/wp\/v2\/posts\/35922","targetHints":{"allow":["GET"]}}],"collection":[{"href":"https:\/\/gerardoduque.com.mx\/index.php?rest_route=\/wp\/v2\/posts"}],"about":[{"href":"https:\/\/gerardoduque.com.mx\/index.php?rest_route=\/wp\/v2\/types\/post"}],"author":[{"embeddable":true,"href":"https:\/\/gerardoduque.com.mx\/index.php?rest_route=\/wp\/v2\/users\/4"}],"replies":[{"embeddable":true,"href":"https:\/\/gerardoduque.com.mx\/index.php?rest_route=%2Fwp%2Fv2%2Fcomments&post=35922"}],"version-history":[{"count":0,"href":"https:\/\/gerardoduque.com.mx\/index.php?rest_route=\/wp\/v2\/posts\/35922\/revisions"}],"wp:featuredmedia":[{"embeddable":true,"href":"https:\/\/gerardoduque.com.mx\/index.php?rest_route=\/wp\/v2\/media\/35923"}],"wp:attachment":[{"href":"https:\/\/gerardoduque.com.mx\/index.php?rest_route=%2Fwp%2Fv2%2Fmedia&parent=35922"}],"wp:term":[{"taxonomy":"category","embeddable":true,"href":"https:\/\/gerardoduque.com.mx\/index.php?rest_route=%2Fwp%2Fv2%2Fcategories&post=35922"},{"taxonomy":"post_tag","embeddable":true,"href":"https:\/\/gerardoduque.com.mx\/index.php?rest_route=%2Fwp%2Fv2%2Ftags&post=35922"}],"curies":[{"name":"wp","href":"https:\/\/api.w.org\/{rel}","templated":true}]}}