{"id":35860,"date":"2025-04-21T07:53:08","date_gmt":"2025-04-21T13:53:08","guid":{"rendered":"https:\/\/gerardoduque.com.mx\/?p=35860"},"modified":"2025-04-21T07:53:13","modified_gmt":"2025-04-21T13:53:13","slug":"mujer-vinculada-a-proceso-por-homicidio-y-aborto-en-la-capital-potosina","status":"publish","type":"post","link":"https:\/\/gerardoduque.com.mx\/?p=35860","title":{"rendered":"Mujer vinculada a proceso por homicidio y aborto, en la capital potosina"},"content":{"rendered":"\n<p>La Fiscal\u00eda General del Estado de San Luis Potos\u00ed investig\u00f3 el deceso de una mujer al interior de una camioneta en la colonia Fovissste de la capital potosina, y detuvo a una probable responsable, la cual fue vinculada a proceso.<\/p>\n\n\n\n<p>Con los primeros datos de prueba, la Fiscal\u00eda Especializada en Feminicidios obtuvo la identidad de una persona de nombre Elizabeth \u201cN\u201d, quien habr\u00eda provocado el deceso de la v\u00edctima tras un procedimiento m\u00e9dico en un lugar no apto para intervenciones cl\u00ednicas.<\/p>\n\n\n\n<p>La mujer fue detenida y llevada a una audiencia de control de la detenci\u00f3n por agentes Fiscales especializados, de este modo, se le imputaron los delitos de aborto y homicidio.<\/p>\n\n\n\n<p>La Fiscal\u00eda de Feminicidios solicit\u00f3 la vinculaci\u00f3n a proceso de la imputada bajo los referidos il\u00edcitos, misma que fue concedida por el Juez de control de este asunto, quien decret\u00f3 la medida cautelar de prisi\u00f3n preventiva oficiosa.<\/p>\n\n\n\n<p>El juez de control de la causa determin\u00f3 un plazo de cuatro meses de investigaci\u00f3n complementaria; tiempo durante el cual, la persona imputada estar\u00e1 recluida en el Centro de Reinserci\u00f3n Social de la ciudad capital.<\/p>\n","protected":false},"excerpt":{"rendered":"<p>La Fiscal\u00eda General del Estado de San Luis Potos\u00ed investig\u00f3 el deceso de una mujer al interior de una camioneta en la colonia Fovissste de la capital potosina, y detuvo a una probable responsable, la cual fue vinculada a proceso. Con los primeros datos de prueba, la Fiscal\u00eda Especializada en Feminicidios obtuvo la identidad de [&hellip;]<\/p>\n","protected":false},"author":4,"featured_media":35861,"comment_status":"closed","ping_status":"closed","sticky":false,"template":"","format":"standard","meta":{"_et_pb_use_builder":"off","_et_pb_old_content":"","_et_gb_content_width":"","footnotes":""},"categories":[412,62],"tags":[],"class_list":["post-35860","post","type-post","status-publish","format-standard","has-post-thumbnail","hentry","category-destacado","category-redaccion"],"_links":{"self":[{"href":"https:\/\/gerardoduque.com.mx\/index.php?rest_route=\/wp\/v2\/posts\/35860","targetHints":{"allow":["GET"]}}],"collection":[{"href":"https:\/\/gerardoduque.com.mx\/index.php?rest_route=\/wp\/v2\/posts"}],"about":[{"href":"https:\/\/gerardoduque.com.mx\/index.php?rest_route=\/wp\/v2\/types\/post"}],"author":[{"embeddable":true,"href":"https:\/\/gerardoduque.com.mx\/index.php?rest_route=\/wp\/v2\/users\/4"}],"replies":[{"embeddable":true,"href":"https:\/\/gerardoduque.com.mx\/index.php?rest_route=%2Fwp%2Fv2%2Fcomments&post=35860"}],"version-history":[{"count":0,"href":"https:\/\/gerardoduque.com.mx\/index.php?rest_route=\/wp\/v2\/posts\/35860\/revisions"}],"wp:featuredmedia":[{"embeddable":true,"href":"https:\/\/gerardoduque.com.mx\/index.php?rest_route=\/wp\/v2\/media\/35861"}],"wp:attachment":[{"href":"https:\/\/gerardoduque.com.mx\/index.php?rest_route=%2Fwp%2Fv2%2Fmedia&parent=35860"}],"wp:term":[{"taxonomy":"category","embeddable":true,"href":"https:\/\/gerardoduque.com.mx\/index.php?rest_route=%2Fwp%2Fv2%2Fcategories&post=35860"},{"taxonomy":"post_tag","embeddable":true,"href":"https:\/\/gerardoduque.com.mx\/index.php?rest_route=%2Fwp%2Fv2%2Ftags&post=35860"}],"curies":[{"name":"wp","href":"https:\/\/api.w.org\/{rel}","templated":true}]}}