{"id":35856,"date":"2025-04-21T07:36:06","date_gmt":"2025-04-21T13:36:06","guid":{"rendered":"https:\/\/gerardoduque.com.mx\/?p=35856"},"modified":"2025-04-21T07:36:11","modified_gmt":"2025-04-21T13:36:11","slug":"jose-miramontes-zapata-de-la-orquesta-sinfonica-a-la-lucha-social","status":"publish","type":"post","link":"https:\/\/gerardoduque.com.mx\/?p=35856","title":{"rendered":"Jos\u00e9 Miramontes Zapata, de la Orquesta Sinf\u00f3nica a la lucha social"},"content":{"rendered":"\n<p>POR: <strong>Jos\u00e9 de Jes\u00fas Ortiz B\u00e1es<\/strong><\/p>\n\n\n\n<p>El maestro&nbsp;<strong>Jos\u00e9 Miramontes Zapata<\/strong>&nbsp;(1959), fundador y director de la&nbsp;<strong>Orquesta Sinf\u00f3nica de San Luis Potos\u00ed<\/strong>, falleci\u00f3 este s\u00e1bado debido a diversos problemas de salud que se agravaron en los \u00faltimos d\u00edas. Hab\u00eda sido ingresado a una cl\u00ednica apenas horas despu\u00e9s de que dirigiera el&nbsp;<em>R\u00e9quiem<\/em>, la obra sacra de GabrielFaur\u00e9, presentada el mi\u00e9rcoles 16 de abril en el&nbsp;<strong>Teatro de la Paz<\/strong>.<\/p>\n\n\n\n<p>Su salud se hab\u00eda deteriorado desde 2017 cuando sufri\u00f3 un problema card\u00edaco y otros problemas posteriores. Aun as\u00ed, salvo algunos periodos de convalecencia, se mantuvo al frente de la Orquesta Sinf\u00f3nica creada en el a\u00f1o 2000 con su apoyo fundamental.<\/p>\n\n\n\n<p>Formado en un ambiente familiar \u2014en el&nbsp;<strong>Barrio de San Miguelito<\/strong>\u2014 en el que la m\u00fasica era un elemento central, aprendi\u00f3 a los siete a\u00f1os a tocar el piano. &nbsp;Casi ni\u00f1o, perfeccion\u00f3 su t\u00e9cnica con la maestra&nbsp;<strong>Cristina Z\u00e1rate, Gabriel Arriaga<\/strong>&nbsp;y luego con el cura&nbsp;<strong>Nicol\u00e1s D\u00edaz<\/strong>; despu\u00e9s, estuvo durante un lapso en la&nbsp;<strong>Escuela Nacional de M\u00fasica<\/strong>, de la&nbsp;<strong>Universidad Nacional Aut\u00f3noma de M\u00e9xico<\/strong>, la cual abandon\u00f3 al no sentir que le aportara en su formaci\u00f3n musical. Posteriormente, fue becado por el&nbsp;<strong>Instituto M\u00e9xico-URSS<\/strong>&nbsp;para estudiar en el&nbsp;<strong>Conservatorio Nicol\u00e1i Rimsky-Korsakov de Leningrado&nbsp;<\/strong>(1988-1995) especializ\u00e1ndose en direcci\u00f3n coral y orquestal con la maestra&nbsp;<strong>Tatiana Ivanovna Khitrova<\/strong>,&nbsp;<strong>V\u00edctor Fediotov&nbsp;<\/strong>y&nbsp;<strong>Mikhail Kukuskin<\/strong>.<\/p>\n\n\n\n<p>Vivi\u00f3 all\u00e1 de forma directa el derrumbe del imperio sovi\u00e9tico, el fin de una \u00e9poca y una utop\u00eda. \u201cMe toca presenciar las consecuencias nefastas del reformismo de Gorbachov. La&nbsp;<em>Perestroika<\/em>&nbsp;que \u00e9l impulsa es una etiqueta, una definici\u00f3n formal que usa el gobierno sovi\u00e9tico y la prensa occidental\u201d, advert\u00eda.<\/p>\n\n\n\n<p>De regreso a M\u00e9xico, fue impulsor en los 90\u00b4s del Coro de la Escuela Estatal de M\u00fasica en San Luis Potos\u00ed, director de la Orquesta Sinf\u00f3nica Juvenil Juli\u00e1n Carrillo y despu\u00e9s fundador y director de la Orquesta Sinf\u00f3nica de San Luis Potos\u00ed.<\/p>\n\n\n\n<p>En una&nbsp;<strong><a href=\"https:\/\/www.astrolabio.com.mx\/jose-miramontes-zapata-la-egolatria-es-el-simbolo-mas-cabal-del-arte-en-mexico\/\">entrevista publicada en Astrolabio Diario Digital<\/a>&nbsp;<\/strong>en febrero de 2022, Miramontes Zapata record\u00f3 aquellos a\u00f1os remotos en que aprendi\u00f3 a tocar el piano y la importancia que tuvieron en su formaci\u00f3n inicial la maestra Cristina Z\u00e1rate de Govea, a quien recordaba como &nbsp;\u201cmuy famosa y muy estricta\u201d; &nbsp;as\u00ed como el sacerdote Nicol\u00e1s D\u00edaz, quien jugar\u00eda tambi\u00e9n un papel importante en su proceso formativo.<\/p>\n\n\n\n<p>\u201cEl padre Nicol\u00e1s hab\u00eda estudiado m\u00fasica en la academia de Santa Cecilia, en Roma, era un organista muy bueno, un personaje ilustrado, realmente con un conocimiento enciclop\u00e9dico de la m\u00fasica muy vasto. Hab\u00eda sido p\u00e1rroco en Cedral y luego en el templo de la Compa\u00f1\u00eda, en Fundadores. Daba clases en el Instituto Potosino de Bellas Artes, que estaba reci\u00e9n inaugurado. Son los a\u00f1os 70\u00b4s. Cuando inici\u00e9 clases con la maestra Cristina ten\u00eda nueve a\u00f1os, cuando llegu\u00e9 con el padre D\u00edaz tendr\u00eda 13 a\u00f1os. Con \u00e9l fue la primera vez que tuve un planteamiento m\u00e1s acad\u00e9mico hacia el estudio musical\u201d.<\/p>\n\n\n\n<p>Tambi\u00e9n, destacaba la importancia de su madre como un ejemplo \u00e9tico, en el contexto de una familia tradicional, de 15 hermanos: \u201cla influencia de mi madre es muy importante, siempre la recomendaci\u00f3n de ella era que hici\u00e9ramos las cosas bien, que no rob\u00e1ramos, no hici\u00e9ramos da\u00f1o, no tom\u00e1ramos lo que no era de nosotros y fu\u00e9ramos derechos. Ese valor \u00e9tico, moral en la familia fue muy importante, a pesar de provenir de una familia conservadora\u201d.<\/p>\n\n\n\n<p>De sus a\u00f1os al frente de la Orquesta Sinf\u00f3nica en los que se present\u00f3 en diversas partes del mundo, dec\u00eda que lo que m\u00e1s satisfacci\u00f3n le generaba era el lograr ejecuciones musicales de obras de&nbsp; muy alta complejidad t\u00e9cnica, \u201cm\u00e1s all\u00e1 de haber estado en Viena o de que nuestros j\u00f3venes de la Orquesta hayan estado en Pek\u00edn, y sobre todo, el hecho de que est\u00e1n sembrando aqu\u00ed una visi\u00f3n diferente, m\u00e1s cercana a observar y objetivizar la actitud del trabajo musical como una profesi\u00f3n en el sentido estrictamente curricular. Tambi\u00e9n, hemos estado en muchas comunidades, en el contacto con la gente, lo cual es incre\u00edble\u201d.<\/p>\n\n\n\n<p>Hombre de profundas convicciones de izquierda, a la par de su pasi\u00f3n por la m\u00fasica, desde la adolescencia tuvo clara su simpat\u00eda y apoyo a diversos procesos de lucha social. Una conciencia pol\u00edtica, recordaba, construida a partir de la lectura en la peluquer\u00eda de su padre (ubicada en la Alameda) de las revistas&nbsp;<em>Por qu\u00e9, Sucesos,<\/em>&nbsp;<em>Los Supermachos&nbsp;<\/em>y<em>&nbsp;Los agachados<\/em>, de&nbsp;<em>Rius,&nbsp;<\/em>a quien recordaba tambi\u00e9n como una influencia clave en su concepci\u00f3n del mundo. \u201cEra sensacional, tuve esa fortuna de haber estado en contacto con esas lecturas, m\u00e1s lo de la secundaria que influy\u00f3 mucho\u201d.<\/p>\n\n\n\n<p>De su paso por la Secundaria Jaime Torres Bodet recordaba particularmente al maestro Abraham Alzamora Zurita y sus clases de historia universal, una descarga el\u00e9ctrica que lo sacudi\u00f3 y le gener\u00f3 un pensamiento cr\u00edtico, una duda cartesiana finalmente: \u201cLas clases de historia universal con \u00e9l eran fant\u00e1sticas. Fue un choque, que llegara el maestro y dijera \u00b4Dios no existe\u2019, ese es un flashazo clave, que te permite irrumpir en uno de dos campos: irrumpes en el de lo que empiezas a considerar que son tus derechos y el ejercicio de ciertas libertades o irrumpes en el campo de lo otro, de lo que niega lo otro. Esto fue en 1970\u201d.<\/p>\n\n\n\n<p>Milit\u00f3 tambi\u00e9n en el Partido Revolucionario de los Trabajadores, de orientaci\u00f3n trotskista, fundado por do\u00f1a Rosario Ibarra de Piedra, a quien apoy\u00f3 en sus sucesivas campa\u00f1as presidenciales (1982 y 1988), junto con otros militantes de aquella \u00e9poca, como Juan Alan\u00eds, quienes organizaron en San Luis su primera campa\u00f1a electoral.<\/p>\n\n\n\n<p>A Le\u00f3n Trotsky, el&nbsp;<em>profeta desarmado<\/em>, de quien era un gran conocedor de su obra, lo consideraba un personaje central de la historia moderna. Por \u00e9l, se defin\u00eda como antiestalinista, cr\u00edtico de las desviaciones de un proceso pol\u00edtico, el de la URSS, enterrado por una burocracia de partido. Marxista hasta la m\u00e9dula, su fe segu\u00eda intacta, en la b\u00fasqueda permanente de la utop\u00eda de una sociedad mejor y m\u00e1s justa. \u201cA la fecha sigo pretendiendo declararme comunista, pero eso todav\u00eda no existe, es una utop\u00eda que no se ha alcanzado\u201d.<\/p>\n\n\n\n<p>Desde una postura cr\u00edtica simpatiz\u00f3 con el proyecto pol\u00edtico encabezado por el expresidente Andr\u00e9s Manuel L\u00f3pez Obrador, ideol\u00f3gicamente lo ve\u00eda cercano a la socialdemocracia, no como un revolucionario, ni siquiera como al expresidente L\u00e1zaro C\u00e1rdenas, aunque advert\u00eda de la necesidad de apoyar el proceso pol\u00edtico que representaba ya como gobierno.<\/p>\n\n\n\n<p>En los \u00faltimos a\u00f1os, el maestro Jos\u00e9 Miramontes Zapata apoy\u00f3 decididamente la defensa de la Sierra de San Miguelito, asediada por los proyectos de depredaci\u00f3n ambiental que se intentaban (se intentan) realizar a trav\u00e9s de un complejo inmobiliario impulsado por las \u00e9lites econ\u00f3micas locales, con la apat\u00eda y acaso anuencia del gobierno estatal. Consideraba a la Sierra como algo especial, un recuerdo vinculado a su infancia distante. \u201cEntonces exist\u00eda el Cerro de la Pepsi, el Cerro de la Corona, hab\u00eda un zool\u00f3gico peque\u00f1o en el Cerro de la Corona, peque\u00f1o si se quiere, pero era la oportunidad de ver cosas que no se ten\u00edan en la vida cotidiana\u201d.<\/p>\n\n\n\n<p>Y agregaba en aquella entrevista realizada en su casa llena de libros: \u201cAsumo una postura activa, p\u00fablica, porque se debe asumir, no se puede permitir que se destruya la Sierra; mi primer contacto no fue tanto por la Sierra de San Miguelito sino por una manifestaci\u00f3n en San Luis -creo que fue en 2017- en contra de la corrupci\u00f3n. Pienso que no puede haber una sociedad sana si est\u00e1 cimentada en relaciones de corrupci\u00f3n, es muy simple: cedes y eres cedido a otro inter\u00e9s, tu derecho a la decisi\u00f3n queda anulado por la misma corrupci\u00f3n. Ese fue un primer acercamiento, no era una manifestaci\u00f3n en defensa de la Sierra, pero el tema empezaba a aparecer, ah\u00ed me di cuenta que hab\u00eda un grupo que estaba ya en eso\u201d.<\/p>\n\n\n\n<p>\u2014\u00bfLa Sierra de San Miguelito terminar\u00e1 igual que Cerro de San Pedro, v\u00edctima de la depredaci\u00f3n del capital?<\/p>\n\n\n\n<p>\u2014Creo que la experiencia de Cerro de San Pedro ha dado mucha experiencia para los defensores de Sierra de San Miguelito y tengo confianza en que podemos ser capaces de frenar incluso la complicidad de Semarnat, puede ser ella o puede ser la propia UNAM en sus estudios la que est\u00e9 contaminada por la influencia de los constructores.<\/p>\n\n\n\n<p>\u2014\u00bfEs una lucha que sigue abierta?<\/p>\n\n\n\n<p>\u2014Sigue abierta, es una batalla que a\u00fan no est\u00e1 terminada.<\/p>\n","protected":false},"excerpt":{"rendered":"<p>POR: astrolabio.com.mx <\/p>\n","protected":false},"author":4,"featured_media":35857,"comment_status":"closed","ping_status":"closed","sticky":false,"template":"","format":"standard","meta":{"_et_pb_use_builder":"off","_et_pb_old_content":"","_et_gb_content_width":"","footnotes":""},"categories":[412,62],"tags":[],"class_list":["post-35856","post","type-post","status-publish","format-standard","has-post-thumbnail","hentry","category-destacado","category-redaccion"],"_links":{"self":[{"href":"https:\/\/gerardoduque.com.mx\/index.php?rest_route=\/wp\/v2\/posts\/35856","targetHints":{"allow":["GET"]}}],"collection":[{"href":"https:\/\/gerardoduque.com.mx\/index.php?rest_route=\/wp\/v2\/posts"}],"about":[{"href":"https:\/\/gerardoduque.com.mx\/index.php?rest_route=\/wp\/v2\/types\/post"}],"author":[{"embeddable":true,"href":"https:\/\/gerardoduque.com.mx\/index.php?rest_route=\/wp\/v2\/users\/4"}],"replies":[{"embeddable":true,"href":"https:\/\/gerardoduque.com.mx\/index.php?rest_route=%2Fwp%2Fv2%2Fcomments&post=35856"}],"version-history":[{"count":0,"href":"https:\/\/gerardoduque.com.mx\/index.php?rest_route=\/wp\/v2\/posts\/35856\/revisions"}],"wp:featuredmedia":[{"embeddable":true,"href":"https:\/\/gerardoduque.com.mx\/index.php?rest_route=\/wp\/v2\/media\/35857"}],"wp:attachment":[{"href":"https:\/\/gerardoduque.com.mx\/index.php?rest_route=%2Fwp%2Fv2%2Fmedia&parent=35856"}],"wp:term":[{"taxonomy":"category","embeddable":true,"href":"https:\/\/gerardoduque.com.mx\/index.php?rest_route=%2Fwp%2Fv2%2Fcategories&post=35856"},{"taxonomy":"post_tag","embeddable":true,"href":"https:\/\/gerardoduque.com.mx\/index.php?rest_route=%2Fwp%2Fv2%2Ftags&post=35856"}],"curies":[{"name":"wp","href":"https:\/\/api.w.org\/{rel}","templated":true}]}}