{"id":35843,"date":"2025-04-16T08:48:24","date_gmt":"2025-04-16T14:48:24","guid":{"rendered":"https:\/\/gerardoduque.com.mx\/?p=35843"},"modified":"2025-04-16T08:48:30","modified_gmt":"2025-04-16T14:48:30","slug":"elementos-de-seguridad-fueron-desplegados-en-parajes-de-la-region-media","status":"publish","type":"post","link":"https:\/\/gerardoduque.com.mx\/?p=35843","title":{"rendered":"ELEMENTOS DE SEGURIDAD FUERON DESPLEGADOS EN PARAJES DE LA REGI\u00d3N MEDIA"},"content":{"rendered":"\n<p>Desde el inicio del operativo \u201cSemana Santa Segura 2025\u201d, la Guardia Civil Estatal ha implementado diversas actividades de seguridad, prevenci\u00f3n y proximidad social en los parajes de la regi\u00f3n Media. Este despliegue tiene como objetivo primordial mantener la paz y el orden en los diferentes sectores tur\u00edsticos, asegurando que tanto visitantes como habitantes puedan disfrutar de esta temporada vacacional sin contratiempos.<\/p>\n\n\n\n<p>Los elementos estatales realizan acciones de vigilancia en los manantiales Los Peroles y San Sebasti\u00e1n; grutas de La Catedral, El \u00c1ngel y Los Cristales; Los Anteojitos en Rioverde; El Aguaje, en Villa Ju\u00e1rez; ca\u00f1\u00f3n Pinihu\u00e1n en Lagunillas; la Media Luna en Rioverde y Ciudad Fern\u00e1ndez, entre otros, brindando no solo seguridad, sino tambi\u00e9n orientaci\u00f3n a la poblaci\u00f3n para evitar que se conviertan en v\u00edctimas de accidentes.<\/p>\n\n\n\n<p>Adem\u00e1s, han establecido una colaboraci\u00f3n estrecha con los prestadores de servicios tur\u00edsticos, quienes cuentan con el apoyo total de las fuerzas de seguridad p\u00fablica.<\/p>\n","protected":false},"excerpt":{"rendered":"<p>Este despliegue tiene como objetivo primordial mantener la paz y el orden en los diferentes sectores tur\u00edsticos.<\/p>\n","protected":false},"author":4,"featured_media":35844,"comment_status":"closed","ping_status":"closed","sticky":false,"template":"","format":"standard","meta":{"_et_pb_use_builder":"off","_et_pb_old_content":"","_et_gb_content_width":"","footnotes":""},"categories":[412,280],"tags":[390,72,66],"class_list":["post-35843","post","type-post","status-publish","format-standard","has-post-thumbnail","hentry","category-destacado","category-gob-slp","tag-gce","tag-gobierno-del-estado","tag-san-luis-potosi"],"_links":{"self":[{"href":"https:\/\/gerardoduque.com.mx\/index.php?rest_route=\/wp\/v2\/posts\/35843","targetHints":{"allow":["GET"]}}],"collection":[{"href":"https:\/\/gerardoduque.com.mx\/index.php?rest_route=\/wp\/v2\/posts"}],"about":[{"href":"https:\/\/gerardoduque.com.mx\/index.php?rest_route=\/wp\/v2\/types\/post"}],"author":[{"embeddable":true,"href":"https:\/\/gerardoduque.com.mx\/index.php?rest_route=\/wp\/v2\/users\/4"}],"replies":[{"embeddable":true,"href":"https:\/\/gerardoduque.com.mx\/index.php?rest_route=%2Fwp%2Fv2%2Fcomments&post=35843"}],"version-history":[{"count":0,"href":"https:\/\/gerardoduque.com.mx\/index.php?rest_route=\/wp\/v2\/posts\/35843\/revisions"}],"wp:featuredmedia":[{"embeddable":true,"href":"https:\/\/gerardoduque.com.mx\/index.php?rest_route=\/wp\/v2\/media\/35844"}],"wp:attachment":[{"href":"https:\/\/gerardoduque.com.mx\/index.php?rest_route=%2Fwp%2Fv2%2Fmedia&parent=35843"}],"wp:term":[{"taxonomy":"category","embeddable":true,"href":"https:\/\/gerardoduque.com.mx\/index.php?rest_route=%2Fwp%2Fv2%2Fcategories&post=35843"},{"taxonomy":"post_tag","embeddable":true,"href":"https:\/\/gerardoduque.com.mx\/index.php?rest_route=%2Fwp%2Fv2%2Ftags&post=35843"}],"curies":[{"name":"wp","href":"https:\/\/api.w.org\/{rel}","templated":true}]}}