{"id":35840,"date":"2025-04-16T08:44:39","date_gmt":"2025-04-16T14:44:39","guid":{"rendered":"https:\/\/gerardoduque.com.mx\/?p=35840"},"modified":"2025-04-16T08:44:45","modified_gmt":"2025-04-16T14:44:45","slug":"proteccion-civil-estatal-realiza-inspeccion-a-balnearios","status":"publish","type":"post","link":"https:\/\/gerardoduque.com.mx\/?p=35840","title":{"rendered":"PROTECCI\u00d3N CIVIL ESTATAL REALIZA INSPECCI\u00d3N A BALNEARIOS"},"content":{"rendered":"\n<p>La Coordinaci\u00f3n Estatal de Protecci\u00f3n Civil fortalece las inspecciones y emite recomendaciones para asegurar que los balnearios y centros recreativos cuenten con medidas de seguridad adecuadas para la Semana Santa y Pascua, ante la esperada afluencia de visitantes.<\/p>\n\n\n\n<p>Se inspeccionaron 11 establecimientos, de los cuales tres no cumpl\u00edan con las normas de seguridad en Protecci\u00f3n Civil, como la presencia de salvavidas y param\u00e9dicos, por lo que, estos deber\u00e1n corregir las deficiencias para garantizar la salvaguarda de los visitantes.<\/p>\n\n\n\n<p>Tambi\u00e9n se inst\u00f3 a la poblaci\u00f3n a adoptar medidas de autoprotecci\u00f3n, como: usar siempre chaleco salvavidas en caso de no saber nadar, esperar hora y media tras comer antes de entrar a las albercas, verificar la profundidad y conocer las salidas de emergencia y recursos de seguridad, con el objetivo de lograr un saldo blanco en la Entidad.<\/p>\n","protected":false},"excerpt":{"rendered":"<p>Se inform\u00f3 que tambi\u00e9n verificar\u00e1n clubes deportivos para asegurarse de que cuenten con las medidas de seguridad.<\/p>\n","protected":false},"author":4,"featured_media":35841,"comment_status":"closed","ping_status":"closed","sticky":false,"template":"","format":"standard","meta":{"_et_pb_use_builder":"off","_et_pb_old_content":"","_et_gb_content_width":"","footnotes":""},"categories":[412,280],"tags":[190,72,66],"class_list":["post-35840","post","type-post","status-publish","format-standard","has-post-thumbnail","hentry","category-destacado","category-gob-slp","tag-cepc","tag-gobierno-del-estado","tag-san-luis-potosi"],"_links":{"self":[{"href":"https:\/\/gerardoduque.com.mx\/index.php?rest_route=\/wp\/v2\/posts\/35840","targetHints":{"allow":["GET"]}}],"collection":[{"href":"https:\/\/gerardoduque.com.mx\/index.php?rest_route=\/wp\/v2\/posts"}],"about":[{"href":"https:\/\/gerardoduque.com.mx\/index.php?rest_route=\/wp\/v2\/types\/post"}],"author":[{"embeddable":true,"href":"https:\/\/gerardoduque.com.mx\/index.php?rest_route=\/wp\/v2\/users\/4"}],"replies":[{"embeddable":true,"href":"https:\/\/gerardoduque.com.mx\/index.php?rest_route=%2Fwp%2Fv2%2Fcomments&post=35840"}],"version-history":[{"count":0,"href":"https:\/\/gerardoduque.com.mx\/index.php?rest_route=\/wp\/v2\/posts\/35840\/revisions"}],"wp:featuredmedia":[{"embeddable":true,"href":"https:\/\/gerardoduque.com.mx\/index.php?rest_route=\/wp\/v2\/media\/35841"}],"wp:attachment":[{"href":"https:\/\/gerardoduque.com.mx\/index.php?rest_route=%2Fwp%2Fv2%2Fmedia&parent=35840"}],"wp:term":[{"taxonomy":"category","embeddable":true,"href":"https:\/\/gerardoduque.com.mx\/index.php?rest_route=%2Fwp%2Fv2%2Fcategories&post=35840"},{"taxonomy":"post_tag","embeddable":true,"href":"https:\/\/gerardoduque.com.mx\/index.php?rest_route=%2Fwp%2Fv2%2Ftags&post=35840"}],"curies":[{"name":"wp","href":"https:\/\/api.w.org\/{rel}","templated":true}]}}