{"id":35837,"date":"2025-04-16T08:41:15","date_gmt":"2025-04-16T14:41:15","guid":{"rendered":"https:\/\/gerardoduque.com.mx\/?p=35837"},"modified":"2025-04-16T08:41:21","modified_gmt":"2025-04-16T14:41:21","slug":"comite-del-manejo-del-fuego-se-reunio-con-sector-canero","status":"publish","type":"post","link":"https:\/\/gerardoduque.com.mx\/?p=35837","title":{"rendered":"COMIT\u00c9 DEL MANEJO DEL FUEGO SE REUNI\u00d3 CON SECTOR CA\u00d1ERO"},"content":{"rendered":"\n<p>Este pasado martes, el Comit\u00e9 del Manejo del Fuego se reuni\u00f3 con ca\u00f1eros de la regi\u00f3n Huasteca para concientizarlos sobre la importancia de evitar quemas agr\u00edcolas en horarios no permitidos, a fin de prevenir incendios forestales y establecer mecanismos de supervisi\u00f3n efectivos.<\/p>\n\n\n\n<p>Durante el encuentro, en Ciudad Valles el \u00f3rgano colegiado hizo \u00e9nfasis en la necesidad de notificar a las autoridades antes de realizar cualquier quema agr\u00edcola, como parte de una estrategia integral de prevenci\u00f3n y responsabilidad compartida entre productores y los tres niveles de Gobierno.<\/p>\n\n\n\n<p>Entre los acuerdos alcanzados con los ca\u00f1eros destacan: avisar con al menos ocho d\u00edas de anticipaci\u00f3n a los ayuntamientos sobre las quemas, evitar la realizaci\u00f3n de una segunda quema, y en caso de incumplimiento, aplicar sanciones que van de 500 a mil UMAS. Los recursos obtenidos por estas sanciones ser\u00e1n destinados a un fondo para el combate de incendios forestales, incluyendo la compra de equipo para el campo.<\/p>\n","protected":false},"excerpt":{"rendered":"<p>Acuerdan la creaci\u00f3n de un fondo para el combate de incendios forestales, derivado de las sanciones econ\u00f3micas por incumplir horarios de quema agr\u00edcola.<\/p>\n","protected":false},"author":4,"featured_media":35838,"comment_status":"closed","ping_status":"closed","sticky":false,"template":"","format":"standard","meta":{"_et_pb_use_builder":"off","_et_pb_old_content":"","_et_gb_content_width":"","footnotes":""},"categories":[412,280],"tags":[72,66],"class_list":["post-35837","post","type-post","status-publish","format-standard","has-post-thumbnail","hentry","category-destacado","category-gob-slp","tag-gobierno-del-estado","tag-san-luis-potosi"],"_links":{"self":[{"href":"https:\/\/gerardoduque.com.mx\/index.php?rest_route=\/wp\/v2\/posts\/35837","targetHints":{"allow":["GET"]}}],"collection":[{"href":"https:\/\/gerardoduque.com.mx\/index.php?rest_route=\/wp\/v2\/posts"}],"about":[{"href":"https:\/\/gerardoduque.com.mx\/index.php?rest_route=\/wp\/v2\/types\/post"}],"author":[{"embeddable":true,"href":"https:\/\/gerardoduque.com.mx\/index.php?rest_route=\/wp\/v2\/users\/4"}],"replies":[{"embeddable":true,"href":"https:\/\/gerardoduque.com.mx\/index.php?rest_route=%2Fwp%2Fv2%2Fcomments&post=35837"}],"version-history":[{"count":0,"href":"https:\/\/gerardoduque.com.mx\/index.php?rest_route=\/wp\/v2\/posts\/35837\/revisions"}],"wp:featuredmedia":[{"embeddable":true,"href":"https:\/\/gerardoduque.com.mx\/index.php?rest_route=\/wp\/v2\/media\/35838"}],"wp:attachment":[{"href":"https:\/\/gerardoduque.com.mx\/index.php?rest_route=%2Fwp%2Fv2%2Fmedia&parent=35837"}],"wp:term":[{"taxonomy":"category","embeddable":true,"href":"https:\/\/gerardoduque.com.mx\/index.php?rest_route=%2Fwp%2Fv2%2Fcategories&post=35837"},{"taxonomy":"post_tag","embeddable":true,"href":"https:\/\/gerardoduque.com.mx\/index.php?rest_route=%2Fwp%2Fv2%2Ftags&post=35837"}],"curies":[{"name":"wp","href":"https:\/\/api.w.org\/{rel}","templated":true}]}}