{"id":35803,"date":"2025-04-14T11:01:52","date_gmt":"2025-04-14T17:01:52","guid":{"rendered":"https:\/\/gerardoduque.com.mx\/?p=35803"},"modified":"2025-04-14T11:01:56","modified_gmt":"2025-04-14T17:01:56","slug":"ataque-armado-coordinado-contra-el-sistema-de-videovigilancia-de-seguridad-publica-en-valles","status":"publish","type":"post","link":"https:\/\/gerardoduque.com.mx\/?p=35803","title":{"rendered":"ATAQUE ARMADO COORDINADO CONTRA EL SISTEMA DE VIDEOVIGILANCIA DE SEGURIDAD P\u00daBLICA EN VALLES"},"content":{"rendered":"\n<p><strong>Las r\u00e1fagas despertaron a miles de habitantes en diversas colonias y ejidos de Ciudad Valles.<\/strong><\/p>\n\n\n\n<p><strong>Este lunes, alrededor de las 5:00 horas, civiles armados realizaron decenas de disparos en calles, avenidas y carreteras, en la zona norte y poniente del municipio.<\/strong><\/p>\n\n\n\n<p><strong>Adem\u00e1s de activar sus fusiles, los sujetos tambi\u00e9n lanzaron artefactos \u00abponchallantas\u00bb hacia la v\u00eda p\u00fablica.<\/strong><\/p>\n\n\n\n<p><strong>En la salida hacia la carretera Valles \u2013 Rioverde, una decena de automovilistas resultaron afectados, pues los neum\u00e1ticos de sus unidades quedaron averiados.<\/strong><\/p>\n\n\n\n<p><strong>Testigos narraron que un grupo de individuos que portaban armas largas caminaban entre el paso vehicular, disparando hacia el aire y gritando a los conductores que aceleraran el paso.&nbsp;<\/strong><\/p>\n\n\n\n<p><strong>Con la primera luz del amanecer, decenas de elementos de la SEDENA y de la Guardia Civil Estatal realizaron recorridos disuasivos. Se movilizaron primordialmente en los sectores de la ciudad donde se hab\u00eda reportado la presencia de los sujetos armados.<\/strong><\/p>\n\n\n\n<p><strong>La gente que sal\u00eda rumbo a sus centros de trabajo llevaba una expresi\u00f3n de angustia y zozobra. Muchos hab\u00edan escuchado los estruendos de los disparos, o incluso vieron a los hombres fuertemente armados. Otros m\u00e1s eran paseantes, quienes a\u00fan se encontraban en la v\u00eda p\u00fablica tras concluir una noche de fiesta en la Feria Nacional de la Huasteca Potosina.<\/strong><\/p>\n\n\n\n<p><strong>A trav\u00e9s de WhatsApp comenzaron a ser compartidos videos en los que qued\u00f3 constancia de las prolongadas y estruendosas r\u00e1fagas de metralletas.<\/strong><\/p>\n\n\n\n<p><strong>Los reportes se generaron mayormente en las colonias Cuauht\u00e9moc (anexa a la FENAHUAP), colonia Estaci\u00f3n, Praderas del R\u00edo, Infonavit 1, Doracely, Magisterial, Valle Alto, Norte Residencial y Altavista.<\/strong><\/p>\n\n\n\n<p><strong>A las 7:30 horas, a trav\u00e9s de un comunicado a medios, la Secretar\u00eda de Seguridad y Protecci\u00f3n Ciudadana del Estado confirm\u00f3 la presencia de un comando armado en la zona urbana de Ciudad Valles.<\/strong><\/p>\n\n\n\n<p><strong>De acuerdo a la SSPCE, los sujetos armados se desplazaban a bordo de un veh\u00edculo Jetta color arena, un cami\u00f3n de plataforma y varias motocicletas.<\/strong><\/p>\n\n\n\n<p><strong>Las autoridades estatales confirman que debido a las balaceras antes del amanecer, result\u00f3 da\u00f1ada infraestructura de videovigilancia perteneciente al Centro de Control, Comando, Comunicaci\u00f3n y C\u00f3mputo (C4)<\/strong><\/p>\n\n\n\n<p><strong>Los puntos da\u00f1ados se ubican en:<\/strong><\/p>\n\n\n\n<p><strong>* Acceso al Ejido Chantol<\/strong><\/p>\n\n\n\n<p><strong>* Exterior de la planta distribuidora de Coca Cola<\/strong><\/p>\n\n\n\n<p><strong>* Zona de la salida a la carretera Valles \u2013 Mante.<\/strong><\/p>\n\n\n\n<p><strong>Las autoridades informaron que los equipos da\u00f1ados corresponden a las cajas de monitoreo del sistema de c\u00e1maras y postes de soporte.<\/strong><\/p>\n\n\n\n<p><strong>\u201cEs importante se\u00f1alar que este incidente no dej\u00f3 personas lesionadas, ni represent\u00f3 un ataque dirigido contra la poblaci\u00f3n civil\u201d, cit\u00f3 la Secretar\u00eda de Seguridad. Adem\u00e1s, exhort\u00f3 a la poblaci\u00f3n a \u201cmantener la calma\u201d<\/strong><\/p>\n\n\n\n<p><strong>El comando de sujetos armados huyo. No se reportan detenidos.<\/strong><\/p>\n","protected":false},"excerpt":{"rendered":"<p>Autoridades llaman a \u201cmantener la calma\u201d; no hay detenidos <\/p>\n","protected":false},"author":4,"featured_media":35804,"comment_status":"closed","ping_status":"closed","sticky":false,"template":"","format":"standard","meta":{"_et_pb_use_builder":"off","_et_pb_old_content":"","_et_gb_content_width":"","footnotes":""},"categories":[412,62],"tags":[],"class_list":["post-35803","post","type-post","status-publish","format-standard","has-post-thumbnail","hentry","category-destacado","category-redaccion"],"_links":{"self":[{"href":"https:\/\/gerardoduque.com.mx\/index.php?rest_route=\/wp\/v2\/posts\/35803","targetHints":{"allow":["GET"]}}],"collection":[{"href":"https:\/\/gerardoduque.com.mx\/index.php?rest_route=\/wp\/v2\/posts"}],"about":[{"href":"https:\/\/gerardoduque.com.mx\/index.php?rest_route=\/wp\/v2\/types\/post"}],"author":[{"embeddable":true,"href":"https:\/\/gerardoduque.com.mx\/index.php?rest_route=\/wp\/v2\/users\/4"}],"replies":[{"embeddable":true,"href":"https:\/\/gerardoduque.com.mx\/index.php?rest_route=%2Fwp%2Fv2%2Fcomments&post=35803"}],"version-history":[{"count":0,"href":"https:\/\/gerardoduque.com.mx\/index.php?rest_route=\/wp\/v2\/posts\/35803\/revisions"}],"wp:featuredmedia":[{"embeddable":true,"href":"https:\/\/gerardoduque.com.mx\/index.php?rest_route=\/wp\/v2\/media\/35804"}],"wp:attachment":[{"href":"https:\/\/gerardoduque.com.mx\/index.php?rest_route=%2Fwp%2Fv2%2Fmedia&parent=35803"}],"wp:term":[{"taxonomy":"category","embeddable":true,"href":"https:\/\/gerardoduque.com.mx\/index.php?rest_route=%2Fwp%2Fv2%2Fcategories&post=35803"},{"taxonomy":"post_tag","embeddable":true,"href":"https:\/\/gerardoduque.com.mx\/index.php?rest_route=%2Fwp%2Fv2%2Ftags&post=35803"}],"curies":[{"name":"wp","href":"https:\/\/api.w.org\/{rel}","templated":true}]}}