{"id":35774,"date":"2025-04-13T18:08:08","date_gmt":"2025-04-14T00:08:08","guid":{"rendered":"https:\/\/gerardoduque.com.mx\/?p=35774"},"modified":"2025-04-13T18:08:14","modified_gmt":"2025-04-14T00:08:14","slug":"se-dice-protegida-por-rita-ozalia-una-trabajadora-del-congreso-local","status":"publish","type":"post","link":"https:\/\/gerardoduque.com.mx\/?p=35774","title":{"rendered":"SE DICE \u00abPROTEGIDA\u00bb POR RITA OZALIA UNA TRABAJADORA DEL CONGRESO LOCAL"},"content":{"rendered":"\n<p>POR: CIUDADANOS OBSERVANDO <\/p>\n\n\n\n<p>Trabajadores y trabajadoras del Congreso del Estado, adscritos a la Coordinaci\u00f3n de Apoyo T\u00e9cnico a Comisiones y Comit\u00e9s, presentaron una denuncia formal contra su titular, Ana Mar\u00eda de la Cruz Olvera, a quien acusan de hostigamiento, acoso laboral y abuso de poder.<\/p>\n\n\n\n<p>Seg\u00fan el escrito, las agresiones han sido constantes desde el inicio de la actual Legislatura y han creado un ambiente laboral t\u00f3xico y da\u00f1ino para la salud mental y profesional del personal afectado.<\/p>\n\n\n\n<p>Los denunciantes se\u00f1alan que la Coordinadora ha tenido un comportamiento prepotente y autoritario, marcado por gritos, humillaciones, se\u00f1alamientos verbales, restricciones arbitrarias y actitudes revanchistas.<\/p>\n\n\n\n<p>Acusan que ha impuesto normas sin sustento legal, como la prohibici\u00f3n de reuniones o convivios y de salir del \u00e1rea de trabajo, sin que tales medidas correspondan a sus facultades, invadiendo atribuciones de la Oficial\u00eda Mayor.<\/p>\n\n\n\n<p>La situaci\u00f3n, aseguran, ha llegado a tal punto que ha fracturado la convivencia entre compa\u00f1eros y deteriorado la reputaci\u00f3n del equipo ante otras \u00e1reas del Congreso.<\/p>\n\n\n\n<p>Los trabajadores tambi\u00e9n subrayan que las diputadas y diputados, as\u00ed como la Oficial Mayor, ya estaban al tanto de la situaci\u00f3n, pues desde hace tiempo han reportado los abusos. A pesar de ello, afirman, no se ha tomado ninguna acci\u00f3n correctiva, lo que ha alimentado el hartazgo generalizado y motivado la presente denuncia p\u00fablica.<\/p>\n\n\n\n<p>Consideran que la inacci\u00f3n institucional ha permitido la continuidad del comportamiento intimidatorio.<\/p>\n\n\n\n<p>Adem\u00e1s, califican los recientes oficios emitidos por la Coordinadora como intimidatorios, sin fundamento jur\u00eddico y como represalia.<\/p>\n\n\n\n<p>Denuncian que, parad\u00f3jicamente, estas restricciones se contradicen con el comportamiento previo de la propia funcionaria, quien promov\u00eda activamente convivios y celebraciones internas.<\/p>\n\n\n\n<p>Esta contradicci\u00f3n, acusan, refleja un manejo discrecional y personalista del poder, lo que ha derivado en pr\u00e1cticas de \u201cmobbing\u201d, o acoso laboral sistem\u00e1tico.<\/p>\n\n\n\n<p>Finalmente, el personal firmante hace un llamado urgente a las y los diputados para que intervengan y frenen los abusos. Reafirman su compromiso institucional con el Congreso del Estado, pero exigen condiciones laborales dignas, libres de violencia, en un entorno respetuoso y profesional.<\/p>\n","protected":false},"excerpt":{"rendered":"<p>POR: Ciudadanos Observando <\/p>\n","protected":false},"author":4,"featured_media":35775,"comment_status":"closed","ping_status":"closed","sticky":false,"template":"","format":"standard","meta":{"_et_pb_use_builder":"off","_et_pb_old_content":"","_et_gb_content_width":"","footnotes":""},"categories":[412,62],"tags":[],"class_list":["post-35774","post","type-post","status-publish","format-standard","has-post-thumbnail","hentry","category-destacado","category-redaccion"],"_links":{"self":[{"href":"https:\/\/gerardoduque.com.mx\/index.php?rest_route=\/wp\/v2\/posts\/35774","targetHints":{"allow":["GET"]}}],"collection":[{"href":"https:\/\/gerardoduque.com.mx\/index.php?rest_route=\/wp\/v2\/posts"}],"about":[{"href":"https:\/\/gerardoduque.com.mx\/index.php?rest_route=\/wp\/v2\/types\/post"}],"author":[{"embeddable":true,"href":"https:\/\/gerardoduque.com.mx\/index.php?rest_route=\/wp\/v2\/users\/4"}],"replies":[{"embeddable":true,"href":"https:\/\/gerardoduque.com.mx\/index.php?rest_route=%2Fwp%2Fv2%2Fcomments&post=35774"}],"version-history":[{"count":0,"href":"https:\/\/gerardoduque.com.mx\/index.php?rest_route=\/wp\/v2\/posts\/35774\/revisions"}],"wp:featuredmedia":[{"embeddable":true,"href":"https:\/\/gerardoduque.com.mx\/index.php?rest_route=\/wp\/v2\/media\/35775"}],"wp:attachment":[{"href":"https:\/\/gerardoduque.com.mx\/index.php?rest_route=%2Fwp%2Fv2%2Fmedia&parent=35774"}],"wp:term":[{"taxonomy":"category","embeddable":true,"href":"https:\/\/gerardoduque.com.mx\/index.php?rest_route=%2Fwp%2Fv2%2Fcategories&post=35774"},{"taxonomy":"post_tag","embeddable":true,"href":"https:\/\/gerardoduque.com.mx\/index.php?rest_route=%2Fwp%2Fv2%2Ftags&post=35774"}],"curies":[{"name":"wp","href":"https:\/\/api.w.org\/{rel}","templated":true}]}}