{"id":35731,"date":"2025-04-12T08:31:30","date_gmt":"2025-04-12T14:31:30","guid":{"rendered":"https:\/\/gerardoduque.com.mx\/?p=35731"},"modified":"2025-04-12T08:31:34","modified_gmt":"2025-04-12T14:31:34","slug":"estado-supervisara-actividades-de-la-zafra","status":"publish","type":"post","link":"https:\/\/gerardoduque.com.mx\/?p=35731","title":{"rendered":"ESTADO SUPERVISAR\u00c1 ACTIVIDADES DE LA ZAFRA"},"content":{"rendered":"\n<p>El Gobierno de San Luis Potos\u00ed hizo un llamado en\u00e9rgico a productores ca\u00f1eros a realizar la zafra de manera adecuada, ya que al realizar quemas como parte de sus procesos de producci\u00f3n se salen de control y provocan incendios como los dos activos en Ciudad Valles en d\u00edas recientes.<\/p>\n\n\n\n<p>El secretario general de Gobierno, J. Guadalupe Torres S\u00e1nchez dijo que, en respuesta a los da\u00f1os y costos generados por estos incendios, se propondr\u00e1 que los ca\u00f1eros contribuyan a un fondo para reparaciones y se convocar\u00e1 a una reuni\u00f3n con la Secretar\u00eda de Desarrollo Agropecuario y Recursos Hidr\u00e1ulicos para abordar la situaci\u00f3n.<\/p>\n\n\n\n<p>El secretario general de Gobierno destac\u00f3 el alto costo de combatir estos incendios, que incluye el alquiler de helic\u00f3pteros, y pidi\u00f3 al Congreso estatal que apruebe una iniciativa para sancionar a quienes provoquen incendios intencionales o por manejo inadecuado.<\/p>\n","protected":false},"excerpt":{"rendered":"<p>Debido a sus actividades agr\u00edcolas, esta semana se sumaron dos incendios m\u00e1s en el Estado.<\/p>\n","protected":false},"author":4,"featured_media":35732,"comment_status":"closed","ping_status":"closed","sticky":false,"template":"","format":"standard","meta":{"_et_pb_use_builder":"off","_et_pb_old_content":"","_et_gb_content_width":"","footnotes":""},"categories":[412,280],"tags":[72,66,394],"class_list":["post-35731","post","type-post","status-publish","format-standard","has-post-thumbnail","hentry","category-destacado","category-gob-slp","tag-gobierno-del-estado","tag-san-luis-potosi","tag-sgg"],"_links":{"self":[{"href":"https:\/\/gerardoduque.com.mx\/index.php?rest_route=\/wp\/v2\/posts\/35731","targetHints":{"allow":["GET"]}}],"collection":[{"href":"https:\/\/gerardoduque.com.mx\/index.php?rest_route=\/wp\/v2\/posts"}],"about":[{"href":"https:\/\/gerardoduque.com.mx\/index.php?rest_route=\/wp\/v2\/types\/post"}],"author":[{"embeddable":true,"href":"https:\/\/gerardoduque.com.mx\/index.php?rest_route=\/wp\/v2\/users\/4"}],"replies":[{"embeddable":true,"href":"https:\/\/gerardoduque.com.mx\/index.php?rest_route=%2Fwp%2Fv2%2Fcomments&post=35731"}],"version-history":[{"count":0,"href":"https:\/\/gerardoduque.com.mx\/index.php?rest_route=\/wp\/v2\/posts\/35731\/revisions"}],"wp:featuredmedia":[{"embeddable":true,"href":"https:\/\/gerardoduque.com.mx\/index.php?rest_route=\/wp\/v2\/media\/35732"}],"wp:attachment":[{"href":"https:\/\/gerardoduque.com.mx\/index.php?rest_route=%2Fwp%2Fv2%2Fmedia&parent=35731"}],"wp:term":[{"taxonomy":"category","embeddable":true,"href":"https:\/\/gerardoduque.com.mx\/index.php?rest_route=%2Fwp%2Fv2%2Fcategories&post=35731"},{"taxonomy":"post_tag","embeddable":true,"href":"https:\/\/gerardoduque.com.mx\/index.php?rest_route=%2Fwp%2Fv2%2Ftags&post=35731"}],"curies":[{"name":"wp","href":"https:\/\/api.w.org\/{rel}","templated":true}]}}