{"id":35697,"date":"2025-04-10T20:14:59","date_gmt":"2025-04-11T02:14:59","guid":{"rendered":"https:\/\/gerardoduque.com.mx\/?p=35697"},"modified":"2025-04-10T20:15:02","modified_gmt":"2025-04-11T02:15:02","slug":"gobernador-asiste-a-toma-de-posesion-del-nuevo-coordinador-estatal-de-la-guardia-nacional","status":"publish","type":"post","link":"https:\/\/gerardoduque.com.mx\/?p=35697","title":{"rendered":"GOBERNADOR ASISTE A TOMA DE POSESI\u00d3N DEL NUEVO COORDINADOR ESTATAL DE LA GUARDIA NACIONAL"},"content":{"rendered":"\n<p>El Gobernador Ricardo Gallardo Cardona acurdi\u00f3 a la posesi\u00f3n de mando del General de Brigada Diplomado de Estado Mayor Comisario Gaudencio Ramos Jim\u00e9nez, como nuevo coordinador estatal de la Guardia Nacional.<\/p>\n\n\n\n<p>El Mandatario Estatal Tras extendi\u00f3 su felicitaci\u00f3n expresando que prevalecer\u00e1 la coordinaci\u00f3n junto al resto de las fuerzas de seguridad, y destac\u00f3 que buscar\u00e1n trabajar en el dise\u00f1o de operativos para mantener la paz y la seguridad de las familias potosinas y visitantes especialmente ante el cercano per\u00edodo vacacional de Semana Santa.<\/p>\n\n\n\n<p>Durante el evento, el nuevo jefe policiaco, realiz\u00f3 el protocolo correspondiente para rendir protesta al cargo y posteriormente, la posesi\u00f3n del mando y protesta de bandera, formalizando as\u00ed, el cargo y la nueva responsabilidad de servicio para contribuir en el trabajo permanente de dar seguridad a los potosinos.<\/p>\n\n\n\n<figure class=\"wp-block-gallery has-nested-images columns-default is-cropped wp-block-gallery-1 is-layout-flex wp-block-gallery-is-layout-flex\">\n<figure class=\"wp-block-image size-large\"><img decoding=\"async\" width=\"1024\" height=\"682\" data-id=\"35700\" src=\"https:\/\/gerardoduque.com.mx\/wp-content\/uploads\/2025\/04\/WhatsApp-Image-2025-04-10-at-8.02.41-PM-4-1024x682.jpeg\" alt=\"\" class=\"wp-image-35700\" srcset=\"https:\/\/gerardoduque.com.mx\/wp-content\/uploads\/2025\/04\/WhatsApp-Image-2025-04-10-at-8.02.41-PM-4-980x653.jpeg 980w, https:\/\/gerardoduque.com.mx\/wp-content\/uploads\/2025\/04\/WhatsApp-Image-2025-04-10-at-8.02.41-PM-4-480x320.jpeg 480w\" sizes=\"(min-width: 0px) and (max-width: 480px) 480px, (min-width: 481px) and (max-width: 980px) 980px, (min-width: 981px) 1024px, 100vw\" \/><\/figure>\n\n\n\n<figure class=\"wp-block-image size-large\"><img decoding=\"async\" width=\"1024\" height=\"682\" data-id=\"35701\" src=\"https:\/\/gerardoduque.com.mx\/wp-content\/uploads\/2025\/04\/WhatsApp-Image-2025-04-10-at-8.02.41-PM-1-1024x682.jpeg\" alt=\"\" class=\"wp-image-35701\" srcset=\"https:\/\/gerardoduque.com.mx\/wp-content\/uploads\/2025\/04\/WhatsApp-Image-2025-04-10-at-8.02.41-PM-1-980x653.jpeg 980w, https:\/\/gerardoduque.com.mx\/wp-content\/uploads\/2025\/04\/WhatsApp-Image-2025-04-10-at-8.02.41-PM-1-480x320.jpeg 480w\" sizes=\"(min-width: 0px) and (max-width: 480px) 480px, (min-width: 481px) and (max-width: 980px) 980px, (min-width: 981px) 1024px, 100vw\" \/><\/figure>\n\n\n\n<figure class=\"wp-block-image size-large\"><img decoding=\"async\" width=\"1024\" height=\"682\" data-id=\"35702\" src=\"https:\/\/gerardoduque.com.mx\/wp-content\/uploads\/2025\/04\/WhatsApp-Image-2025-04-10-at-8.02.41-PM-2-1024x682.jpeg\" alt=\"\" class=\"wp-image-35702\" srcset=\"https:\/\/gerardoduque.com.mx\/wp-content\/uploads\/2025\/04\/WhatsApp-Image-2025-04-10-at-8.02.41-PM-2-980x652.jpeg 980w, https:\/\/gerardoduque.com.mx\/wp-content\/uploads\/2025\/04\/WhatsApp-Image-2025-04-10-at-8.02.41-PM-2-480x320.jpeg 480w\" sizes=\"(min-width: 0px) and (max-width: 480px) 480px, (min-width: 481px) and (max-width: 980px) 980px, (min-width: 981px) 1024px, 100vw\" \/><\/figure>\n\n\n\n<figure class=\"wp-block-image size-large\"><img decoding=\"async\" width=\"1024\" height=\"682\" data-id=\"35699\" src=\"https:\/\/gerardoduque.com.mx\/wp-content\/uploads\/2025\/04\/WhatsApp-Image-2025-04-10-at-8.02.41-PM-3-1024x682.jpeg\" alt=\"\" class=\"wp-image-35699\" srcset=\"https:\/\/gerardoduque.com.mx\/wp-content\/uploads\/2025\/04\/WhatsApp-Image-2025-04-10-at-8.02.41-PM-3-980x653.jpeg 980w, https:\/\/gerardoduque.com.mx\/wp-content\/uploads\/2025\/04\/WhatsApp-Image-2025-04-10-at-8.02.41-PM-3-480x320.jpeg 480w\" sizes=\"(min-width: 0px) and (max-width: 480px) 480px, (min-width: 481px) and (max-width: 980px) 980px, (min-width: 981px) 1024px, 100vw\" \/><\/figure>\n<\/figure>\n","protected":false},"excerpt":{"rendered":"<p>Gaudencio Ramos Jim\u00e9nez es el nuevo coordinador estatal de la Guardia Nacional.<\/p>\n","protected":false},"author":4,"featured_media":35698,"comment_status":"closed","ping_status":"closed","sticky":false,"template":"","format":"standard","meta":{"_et_pb_use_builder":"off","_et_pb_old_content":"","_et_gb_content_width":"","footnotes":""},"categories":[412,280],"tags":[72,66],"class_list":["post-35697","post","type-post","status-publish","format-standard","has-post-thumbnail","hentry","category-destacado","category-gob-slp","tag-gobierno-del-estado","tag-san-luis-potosi"],"_links":{"self":[{"href":"https:\/\/gerardoduque.com.mx\/index.php?rest_route=\/wp\/v2\/posts\/35697","targetHints":{"allow":["GET"]}}],"collection":[{"href":"https:\/\/gerardoduque.com.mx\/index.php?rest_route=\/wp\/v2\/posts"}],"about":[{"href":"https:\/\/gerardoduque.com.mx\/index.php?rest_route=\/wp\/v2\/types\/post"}],"author":[{"embeddable":true,"href":"https:\/\/gerardoduque.com.mx\/index.php?rest_route=\/wp\/v2\/users\/4"}],"replies":[{"embeddable":true,"href":"https:\/\/gerardoduque.com.mx\/index.php?rest_route=%2Fwp%2Fv2%2Fcomments&post=35697"}],"version-history":[{"count":0,"href":"https:\/\/gerardoduque.com.mx\/index.php?rest_route=\/wp\/v2\/posts\/35697\/revisions"}],"wp:featuredmedia":[{"embeddable":true,"href":"https:\/\/gerardoduque.com.mx\/index.php?rest_route=\/wp\/v2\/media\/35698"}],"wp:attachment":[{"href":"https:\/\/gerardoduque.com.mx\/index.php?rest_route=%2Fwp%2Fv2%2Fmedia&parent=35697"}],"wp:term":[{"taxonomy":"category","embeddable":true,"href":"https:\/\/gerardoduque.com.mx\/index.php?rest_route=%2Fwp%2Fv2%2Fcategories&post=35697"},{"taxonomy":"post_tag","embeddable":true,"href":"https:\/\/gerardoduque.com.mx\/index.php?rest_route=%2Fwp%2Fv2%2Ftags&post=35697"}],"curies":[{"name":"wp","href":"https:\/\/api.w.org\/{rel}","templated":true}]}}