{"id":35695,"date":"2025-04-10T20:29:01","date_gmt":"2025-04-11T02:29:01","guid":{"rendered":"https:\/\/gerardoduque.com.mx\/?p=35695"},"modified":"2025-04-10T20:29:06","modified_gmt":"2025-04-11T02:29:06","slug":"consejeros-indigenas-piden-remover-a-mario-godoy-como-delegado-del-inpi","status":"publish","type":"post","link":"https:\/\/gerardoduque.com.mx\/?p=35695","title":{"rendered":"CONSEJEROS IND\u00cdGENAS PIDEN REMOVER A MARIO GODOY COMO DELEGADO DEL INPI"},"content":{"rendered":"\n<p>POR: Estela Ambriz Delgado \/ ASTROLABIO<\/p>\n\n\n\n<p>Integrantes n\u00e1huatl y t\u00e9nek del&nbsp;Consejo Nacional de Pueblos Ind\u00edgenas, hacen un llamado urgente para que las autoridades federales atiendan su inconformidad por el nombramiento de&nbsp;Mario Godoy Ramos&nbsp;y sean recibidos a la brevedad en el&nbsp;Instituto Nacional de Pueblos Ind\u00edgenas&nbsp;(INPI) y la&nbsp;Secretar\u00eda del Bienestar, dado que adem\u00e1s existe la amenaza de malversaci\u00f3n de los recursos federales que fueron asignados a las comunidades.<\/p>\n\n\n\n<p>Hartos de que en distintos \u00e1mbitos se usurpe la identidad ind\u00edgena y se les pretenden imponer personas en cargos p\u00fablicos, este martes 8 de abril las y los consejeros&nbsp;Hermelinda V\u00e1squez Bautista,&nbsp;Cenorina Bernal Fern\u00e1ndez,&nbsp;Marco Alejo Torres&nbsp;y&nbsp;Rafael Reyes Mart\u00ednez, manifestaron nuevamente su desacuerdo con la imposici\u00f3n de Godoy Ramos, primordialmente porque incumple con el requisito de ser ind\u00edgena.<\/p>\n\n\n\n<p>Las y los integrantes del CNPI se\u00f1alaron que, en su caso, para ser designados tuvieron que acreditar su autoadscripci\u00f3n ind\u00edgena bajo el reconocimiento comunitario y etnoling\u00fc\u00edstico, lo que no ocurre con el designado representante del INPI en el estado.<\/p>\n\n\n\n<p><strong><em>\u201c\u00c9l no acredita su autoadscripci\u00f3n calificada, y en notoria violaci\u00f3n a la ley pretende hacerse de un cargo p\u00fablico no siendo ind\u00edgena, en la instituci\u00f3n que es la autoridad en los asuntos relacionados con los pueblos ind\u00edgenas (\u2026) no es hablante de alguna lengua ind\u00edgena. Tiene la experiencia, pero en desarrollar un indigenismo de los gobiernos neoliberales, y no esta actualizado en la materia, puesto que sus escasos conocimientos fueron evidentes el d\u00eda 30 de marzo en Tancanhuitz, al ser incapaz de exponer la reforma al art\u00edculo 2 constitucional\u201d.<\/em><\/strong><\/p>\n\n\n\n<p>Por ello, y ante la preocupaci\u00f3n de que se malversen los recursos directos a comunidades que est\u00e1n pr\u00f3ximos a llegar, denuncian que Godoy Ramos usurpa la identidad ind\u00edgena, que se suma a muchas otras que se han dado en todos los \u00e1mbitos con imposici\u00f3n de personas en los cargos p\u00fablicos.<\/p>\n\n\n\n<p>Respecto al presupuesto directo para infraestructura, informaron se esperan m\u00e1s de&nbsp;500 millones de pesos&nbsp;para beneficiar a alrededor de&nbsp;500 comunidades ind\u00edgenas&nbsp;del estado. En este mes se deben realizar las asambleas comunitarias, elegir a sus comit\u00e9s de administraci\u00f3n y vigilancia, y esperar posteriormente la primera ministraci\u00f3n de tres que har\u00e1 la tesorer\u00eda de la Federaci\u00f3n.<\/p>\n\n\n\n<p>En este tema su preocupaci\u00f3n aumenta dado que la Secretar\u00eda del Bienestar capacit\u00f3 primero a presidentes municipales, y comienzan a ver que estos buscan enga\u00f1ar e imponer a las comunidades a sus operadores pol\u00edticos y econ\u00f3micos, pues buscar\u00e1n \u201cconveniar\u201d al mezclar recursos para proyectos para meter a sus empresas y t\u00e9cnicos, para allegarse los recursos de las comunidades, ya que ellos consideran esto como un recorte a su presupuesto.<\/p>\n\n\n\n<p>En este sentido, se\u00f1alaron que los lineamientos del&nbsp;Fondo de Aportaciones para la Infraestructura Social&nbsp;(FAIS) no est\u00e1n por encima de la&nbsp;Constituci\u00f3n&nbsp;y de sus derechos humanos y colectivos, por lo que har\u00e1n valer los&nbsp;art\u00edculos 1 y 2&nbsp;de la Carta Magna, en particular su personalidad como sujetos de derecho p\u00fablico y el que las cuentas bancarias queden a nombre de las comunidades y no de personas.<\/p>\n\n\n\n<p>Puntualizaron que dieron un plazo de&nbsp;10 d\u00edas&nbsp;al INPI para que analice y resuelva; de no ser as\u00ed, se reservan el derecho de actuar como convenga a sus intereses y derechos, as\u00ed como movilizar lo que autoricen las comunidades para hacer valer los mismos.<\/p>\n\n\n\n<p><strong><em>\u201cSi nos obliga el INPI, no dudaremos en tomar las oficinas y la radio ind\u00edgena, si fuese as\u00ed exigido por nuestras comunidades\u201d.<\/em><\/strong><\/p>\n\n\n\n<p>Finalmente, solicitaron ser recibidos por la Secretaria de Bienestar y el titular de INPI a la brevedad, o que funcionarios se trasladen a sus oficinas en la Huasteca Potosina; se atienda a las propuestas que han hecho para designar directivos en el centro coordinador de&nbsp;Tampac\u00e1n,&nbsp;Tancanhuitz,&nbsp;C\u00e1rdenas&nbsp;y la estaci\u00f3n de&nbsp;radio comunitaria XEANT, y se analice la situaci\u00f3n del personal sindicalizado que no trabaja y s\u00f3lo genera enconos; adem\u00e1s pidieron que se les deje de acosar y se les brinden las facilidades para continuar con sus responsabilidades como consejeros ind\u00edgenas.<\/p>\n","protected":false},"excerpt":{"rendered":"<p>POR: Estela Ambriz Delgado \/ ASTROLABIO <\/p>\n","protected":false},"author":4,"featured_media":35696,"comment_status":"closed","ping_status":"closed","sticky":false,"template":"","format":"standard","meta":{"_et_pb_use_builder":"off","_et_pb_old_content":"","_et_gb_content_width":"","footnotes":""},"categories":[412,62],"tags":[],"class_list":["post-35695","post","type-post","status-publish","format-standard","has-post-thumbnail","hentry","category-destacado","category-redaccion"],"_links":{"self":[{"href":"https:\/\/gerardoduque.com.mx\/index.php?rest_route=\/wp\/v2\/posts\/35695","targetHints":{"allow":["GET"]}}],"collection":[{"href":"https:\/\/gerardoduque.com.mx\/index.php?rest_route=\/wp\/v2\/posts"}],"about":[{"href":"https:\/\/gerardoduque.com.mx\/index.php?rest_route=\/wp\/v2\/types\/post"}],"author":[{"embeddable":true,"href":"https:\/\/gerardoduque.com.mx\/index.php?rest_route=\/wp\/v2\/users\/4"}],"replies":[{"embeddable":true,"href":"https:\/\/gerardoduque.com.mx\/index.php?rest_route=%2Fwp%2Fv2%2Fcomments&post=35695"}],"version-history":[{"count":0,"href":"https:\/\/gerardoduque.com.mx\/index.php?rest_route=\/wp\/v2\/posts\/35695\/revisions"}],"wp:featuredmedia":[{"embeddable":true,"href":"https:\/\/gerardoduque.com.mx\/index.php?rest_route=\/wp\/v2\/media\/35696"}],"wp:attachment":[{"href":"https:\/\/gerardoduque.com.mx\/index.php?rest_route=%2Fwp%2Fv2%2Fmedia&parent=35695"}],"wp:term":[{"taxonomy":"category","embeddable":true,"href":"https:\/\/gerardoduque.com.mx\/index.php?rest_route=%2Fwp%2Fv2%2Fcategories&post=35695"},{"taxonomy":"post_tag","embeddable":true,"href":"https:\/\/gerardoduque.com.mx\/index.php?rest_route=%2Fwp%2Fv2%2Ftags&post=35695"}],"curies":[{"name":"wp","href":"https:\/\/api.w.org\/{rel}","templated":true}]}}