{"id":35683,"date":"2025-04-10T12:56:19","date_gmt":"2025-04-10T18:56:19","guid":{"rendered":"https:\/\/gerardoduque.com.mx\/?p=35683"},"modified":"2025-04-10T12:56:22","modified_gmt":"2025-04-10T18:56:22","slug":"fue-inaugurado-monumental-altar-de-dolores-en-palacio-de-gobierno","status":"publish","type":"post","link":"https:\/\/gerardoduque.com.mx\/?p=35683","title":{"rendered":"FUE INAUGURADO MONUMENTAL ALTAR DE DOLORES EN PALACIO DE GOBIERNO"},"content":{"rendered":"\n<p>El Gobernador del Estado, Ricardo Gallardo Cardona, inaugur\u00f3 esta tarde el monumental Altar de Dolores, instalado en el Patio Central de Palacio de Gobierno, con lo que arranc\u00f3 formalmente las actividades religiosas y culturales que se han preparado con motivo de Semana Santa y Pascua.<\/p>\n\n\n\n<p>El Gobierno del Estado a\u00f1adi\u00f3 que se busca valorar y respetar la relevancia de nuestras tradiciones, de ah\u00ed que cada a\u00f1o, de acuerdo con la celebraci\u00f3n de Semana Santa, coloque el altar que recuerda el dolor de la Virgen Mar\u00eda por la muerte de su hijo Jes\u00fas, tradici\u00f3n religiosa que en San Luis Potos\u00ed data del siglo XVII.<\/p>\n\n\n\n<p>Montada sobre un altar rectangular de dos niveles, la Virgen Dolorosa est\u00e1 rodeada de los principales y tradicionales elementos como las flores, las velas tipo encaje, naranjas doradas, banderines, aguas de colores; los lienzos morados que dominan la representaci\u00f3n simbolizan luto y sufrimiento.<\/p>\n\n\n\n<p>La imagen de la Dolorosa es la Virgen del Carmen, que como cada a\u00f1o es prestada al Gobierno estatal por la orden carmelita, esta vez gracias a la gesti\u00f3n del Arzobispo de San Luis Potos\u00ed, Monse\u00f1or Jorge Alberto Cavazos Arizpe.<\/p>\n\n\n\n<p>La ofrenda monumental forma parte de la amplia oferta cultural que el Gobierno del Estado ofrece al p\u00fablico residente y visitante en esta Semana Santa y de Pascua en seguimiento al trabajo permanente de proyectar a San Luis Potos\u00ed como polo de atracci\u00f3n cultural, tur\u00edstica y de tradici\u00f3n.<\/p>\n\n\n\n<p>El Altar de Dolores ubicado en Palacio de Gobierno podr\u00e1 ser admirado por los cientos de visitantes, turistas y residentes potosinos y potosinas a partir de hoy y hasta que finalice la Semana Santa.<\/p>\n\n\n\n<p>La agenda cultural de Semana Santa est\u00e1 disponible en el siguiente enlace: https:\/\/qrco.de\/bfolUV.<\/p>\n","protected":false},"excerpt":{"rendered":"<p>Potosinos as\u00ed como turistas nacionales y extranjeros podr\u00e1n admirarlo, como parte de las actividades religiosas y culturales.<\/p>\n","protected":false},"author":4,"featured_media":35684,"comment_status":"closed","ping_status":"closed","sticky":false,"template":"","format":"standard","meta":{"_et_pb_use_builder":"off","_et_pb_old_content":"","_et_gb_content_width":"","footnotes":""},"categories":[412,280],"tags":[72,66,200],"class_list":["post-35683","post","type-post","status-publish","format-standard","has-post-thumbnail","hentry","category-destacado","category-gob-slp","tag-gobierno-del-estado","tag-san-luis-potosi","tag-secult"],"_links":{"self":[{"href":"https:\/\/gerardoduque.com.mx\/index.php?rest_route=\/wp\/v2\/posts\/35683","targetHints":{"allow":["GET"]}}],"collection":[{"href":"https:\/\/gerardoduque.com.mx\/index.php?rest_route=\/wp\/v2\/posts"}],"about":[{"href":"https:\/\/gerardoduque.com.mx\/index.php?rest_route=\/wp\/v2\/types\/post"}],"author":[{"embeddable":true,"href":"https:\/\/gerardoduque.com.mx\/index.php?rest_route=\/wp\/v2\/users\/4"}],"replies":[{"embeddable":true,"href":"https:\/\/gerardoduque.com.mx\/index.php?rest_route=%2Fwp%2Fv2%2Fcomments&post=35683"}],"version-history":[{"count":0,"href":"https:\/\/gerardoduque.com.mx\/index.php?rest_route=\/wp\/v2\/posts\/35683\/revisions"}],"wp:featuredmedia":[{"embeddable":true,"href":"https:\/\/gerardoduque.com.mx\/index.php?rest_route=\/wp\/v2\/media\/35684"}],"wp:attachment":[{"href":"https:\/\/gerardoduque.com.mx\/index.php?rest_route=%2Fwp%2Fv2%2Fmedia&parent=35683"}],"wp:term":[{"taxonomy":"category","embeddable":true,"href":"https:\/\/gerardoduque.com.mx\/index.php?rest_route=%2Fwp%2Fv2%2Fcategories&post=35683"},{"taxonomy":"post_tag","embeddable":true,"href":"https:\/\/gerardoduque.com.mx\/index.php?rest_route=%2Fwp%2Fv2%2Ftags&post=35683"}],"curies":[{"name":"wp","href":"https:\/\/api.w.org\/{rel}","templated":true}]}}