{"id":35673,"date":"2025-04-10T06:55:05","date_gmt":"2025-04-10T12:55:05","guid":{"rendered":"https:\/\/gerardoduque.com.mx\/?p=35673"},"modified":"2025-04-10T06:55:09","modified_gmt":"2025-04-10T12:55:09","slug":"implementaran-25-huertos-escolares-pedagogicos-para-fomentar-la-alimentacion-saludable-en-slp","status":"publish","type":"post","link":"https:\/\/gerardoduque.com.mx\/?p=35673","title":{"rendered":"IMPLEMENTAR\u00c1N 25 HUERTOS ESCOLARES PEDAG\u00d3GICOS PARA FOMENTAR LA ALIMENTACI\u00d3N SALUDABLE EN SLP"},"content":{"rendered":"\n<p>El Sistema Estatal para el Desarrollo Integral de la Familia inici\u00f3 capacitaciones para promover una alimentaci\u00f3n saludable entre estudiantes a trav\u00e9s de huertos escolares pedag\u00f3gicos dirigidos a ni\u00f1os, padres y docentes, que se llevar\u00e1n a cabo en abril y mayo.<\/p>\n\n\n\n<p>Este esfuerzo est\u00e1 alineado con la Estrategia Integral de Asistencia Social, Alimentaci\u00f3n y Desarrollo Comunitario 2025 y complementa los Programas Alimentarios.<\/p>\n\n\n\n<p>El programa implementar\u00e1 25 Huertos Escolares para fomentar aprendizajes sobre alimentaci\u00f3n saludable y llegar\u00e1 a Mexquitic de Carmona, Salinas, Santo Domingo y Villa de Arriaga.<\/p>\n","protected":false},"excerpt":{"rendered":"<p>El programa implementar\u00e1 25 Huertos Escolares para fomentar aprendizajes sobre alimentaci\u00f3n saludable y llegar\u00e1 a Mexquitic de Carmona, Salinas, Santo Domingo y Villa de Arriaga.<\/p>\n","protected":false},"author":4,"featured_media":35674,"comment_status":"closed","ping_status":"closed","sticky":false,"template":"","format":"standard","meta":{"_et_pb_use_builder":"off","_et_pb_old_content":"","_et_gb_content_width":"","footnotes":""},"categories":[412,280],"tags":[180,72,66],"class_list":["post-35673","post","type-post","status-publish","format-standard","has-post-thumbnail","hentry","category-destacado","category-gob-slp","tag-dif-estatal","tag-gobierno-del-estado","tag-san-luis-potosi"],"_links":{"self":[{"href":"https:\/\/gerardoduque.com.mx\/index.php?rest_route=\/wp\/v2\/posts\/35673","targetHints":{"allow":["GET"]}}],"collection":[{"href":"https:\/\/gerardoduque.com.mx\/index.php?rest_route=\/wp\/v2\/posts"}],"about":[{"href":"https:\/\/gerardoduque.com.mx\/index.php?rest_route=\/wp\/v2\/types\/post"}],"author":[{"embeddable":true,"href":"https:\/\/gerardoduque.com.mx\/index.php?rest_route=\/wp\/v2\/users\/4"}],"replies":[{"embeddable":true,"href":"https:\/\/gerardoduque.com.mx\/index.php?rest_route=%2Fwp%2Fv2%2Fcomments&post=35673"}],"version-history":[{"count":0,"href":"https:\/\/gerardoduque.com.mx\/index.php?rest_route=\/wp\/v2\/posts\/35673\/revisions"}],"wp:featuredmedia":[{"embeddable":true,"href":"https:\/\/gerardoduque.com.mx\/index.php?rest_route=\/wp\/v2\/media\/35674"}],"wp:attachment":[{"href":"https:\/\/gerardoduque.com.mx\/index.php?rest_route=%2Fwp%2Fv2%2Fmedia&parent=35673"}],"wp:term":[{"taxonomy":"category","embeddable":true,"href":"https:\/\/gerardoduque.com.mx\/index.php?rest_route=%2Fwp%2Fv2%2Fcategories&post=35673"},{"taxonomy":"post_tag","embeddable":true,"href":"https:\/\/gerardoduque.com.mx\/index.php?rest_route=%2Fwp%2Fv2%2Ftags&post=35673"}],"curies":[{"name":"wp","href":"https:\/\/api.w.org\/{rel}","templated":true}]}}