{"id":35644,"date":"2025-04-08T17:40:05","date_gmt":"2025-04-08T23:40:05","guid":{"rendered":"https:\/\/gerardoduque.com.mx\/?p=35644"},"modified":"2025-04-08T17:40:08","modified_gmt":"2025-04-08T23:40:08","slug":"estado-de-slp-logra-acuerdo-con-maestros-de-telesecundarias","status":"publish","type":"post","link":"https:\/\/gerardoduque.com.mx\/?p=35644","title":{"rendered":"ESTADO DE SLP LOGRA ACUERDO CON MAESTROS DE TELESECUNDARIAS"},"content":{"rendered":"\n<p>El secretario General de Gobierno, J. Guadalupe Torres S\u00e1nchez encabez\u00f3 los esfuerzos para conciliar los reclamos del sector de Telesecundarias. Se inform\u00f3 que como resultado de los trabajos de la mesa de negociaci\u00f3n entre el Gobierno del Estado y una comisi\u00f3n de representantes de Telesecundaria en SLP se logr\u00f3 la firma de la minuta en donde se acord\u00f3 otorgarles a cerca de mil 400 docentes, un recurso adicional consistente en 6 horas clase que ser\u00e1 parte del proceso de otorgamiento de la homologaci\u00f3n salarial.<\/p>\n\n\n\n<p>El secretario General de Gobierno, J. Guadalupe Torres S\u00e1nchez afirm\u00f3 que se busca evitar el paro de actividades anunciado para este martes, por lo que dijo, existe tambi\u00e9n el compromiso de mantenerse en constante comunicaci\u00f3n a fin de acompa\u00f1arlos hasta que la Federaci\u00f3n asuma el proceso para la homologaci\u00f3n de manera formal.<\/p>\n\n\n\n<p>Destac\u00f3 que, en caso de San Luis Potos\u00ed, no ser\u00e1 necesario solicitar pr\u00e9stamos para asumir este compromiso con los docentes potosinos, ya que existen los recursos p\u00fablicos necesarios para entregar el apoyo asentado en la minuta que se firm\u00f3 este lunes por la noche.<\/p>\n\n\n\n<p>Entre los acuerdos integrados a la minuta destacan adem\u00e1s del apoyo generalizado consistente a lo equivalente a 6 horas clase, se dieron avance a otras solicitudes relacionadas a la seguridad social y servicios m\u00e9dicos, entre otras.<\/p>\n","protected":false},"excerpt":{"rendered":"<p>El secretario General de Gobierno, J. Guadalupe Torres S\u00e1nchez encabez\u00f3 los esfuerzos para conciliar los reclamos del sector de Telesecundarias. Se inform\u00f3 que como resultado de los trabajos de la mesa de negociaci\u00f3n entre el Gobierno del Estado y una comisi\u00f3n de representantes de Telesecundaria en SLP se logr\u00f3 la firma de la minuta en [&hellip;]<\/p>\n","protected":false},"author":4,"featured_media":35645,"comment_status":"closed","ping_status":"closed","sticky":false,"template":"","format":"standard","meta":{"_et_pb_use_builder":"off","_et_pb_old_content":"","_et_gb_content_width":"","footnotes":""},"categories":[412,280],"tags":[72,66],"class_list":["post-35644","post","type-post","status-publish","format-standard","has-post-thumbnail","hentry","category-destacado","category-gob-slp","tag-gobierno-del-estado","tag-san-luis-potosi"],"_links":{"self":[{"href":"https:\/\/gerardoduque.com.mx\/index.php?rest_route=\/wp\/v2\/posts\/35644","targetHints":{"allow":["GET"]}}],"collection":[{"href":"https:\/\/gerardoduque.com.mx\/index.php?rest_route=\/wp\/v2\/posts"}],"about":[{"href":"https:\/\/gerardoduque.com.mx\/index.php?rest_route=\/wp\/v2\/types\/post"}],"author":[{"embeddable":true,"href":"https:\/\/gerardoduque.com.mx\/index.php?rest_route=\/wp\/v2\/users\/4"}],"replies":[{"embeddable":true,"href":"https:\/\/gerardoduque.com.mx\/index.php?rest_route=%2Fwp%2Fv2%2Fcomments&post=35644"}],"version-history":[{"count":0,"href":"https:\/\/gerardoduque.com.mx\/index.php?rest_route=\/wp\/v2\/posts\/35644\/revisions"}],"wp:featuredmedia":[{"embeddable":true,"href":"https:\/\/gerardoduque.com.mx\/index.php?rest_route=\/wp\/v2\/media\/35645"}],"wp:attachment":[{"href":"https:\/\/gerardoduque.com.mx\/index.php?rest_route=%2Fwp%2Fv2%2Fmedia&parent=35644"}],"wp:term":[{"taxonomy":"category","embeddable":true,"href":"https:\/\/gerardoduque.com.mx\/index.php?rest_route=%2Fwp%2Fv2%2Fcategories&post=35644"},{"taxonomy":"post_tag","embeddable":true,"href":"https:\/\/gerardoduque.com.mx\/index.php?rest_route=%2Fwp%2Fv2%2Ftags&post=35644"}],"curies":[{"name":"wp","href":"https:\/\/api.w.org\/{rel}","templated":true}]}}