{"id":35598,"date":"2025-04-06T23:40:54","date_gmt":"2025-04-07T05:40:54","guid":{"rendered":"https:\/\/gerardoduque.com.mx\/?p=35598"},"modified":"2025-04-06T23:41:02","modified_gmt":"2025-04-07T05:41:02","slug":"gobiernos-tardaron-y-no-evitaron-la-tragedia-ambiental","status":"publish","type":"post","link":"https:\/\/gerardoduque.com.mx\/?p=35598","title":{"rendered":"GOBIERNOS TARDARON Y NO EVITARON LA TRAGEDIA AMBIENTAL"},"content":{"rendered":"\n<p>Un d\u00eda m\u00e1s, -el s\u00e9ptimo- de combate al fuego en la sierra alta de Xilitla.<\/p>\n\n\n\n<p>Este domingo, mucho contribuy\u00f3 que baj\u00f3 considerablemente la temperatura ambiental. Por momentos estuvo nublado, y adem\u00e1s, muy temprano se present\u00f3 una llovizna ligera.<\/p>\n\n\n\n<p>Del bosque en la monta\u00f1a, para esta noche ya han bajado la mayor parte de las decenas y<\/p>\n\n\n\n<p>decenas de brigadistas que subieron desde antes del amanecer a hacer frente a las llamas, cargando aspersoras en sus espaldas. Muchos de los voluntarios son mujeres.<\/p>\n\n\n\n<p>El terreno de acceso en muy sinuoso.<\/p>\n\n\n\n<p>Hay diversos frentes de batalla contra el incendio. Desde Soledad de Zaragoza, desde Rancho Nuevo, desde La Trinidad, desde Buenavista Mirador, y desde Ollita del Pino.<\/p>\n\n\n\n<p>La labor de los voluntarios es tit\u00e1nica. Est\u00e1n exhaustos. Son extremadamente agotadoras las jornadas.<\/p>\n\n\n\n<p>En tanto en tanto, un helic\u00f3ptero de la SEMAR que se sum\u00f3 a las acciones el viernes ha realizado descargas de agua desde el aire.<\/p>\n\n\n\n<p>Pese a ambos frentes de combate y al clima que hoy fue benevolente, el incendio en la sierra de Xilitla no ha podido ser controlado al 100%. Habitantes de Xilitla reclaman que los tres niveles de gobierno tardaron varios d\u00edas en activar un plan de contingencia para evitar la tragedia ambiental.<\/p>\n\n\n\n<p>Hay sectores sin energ\u00eda el\u00e9ctrica y sin telef\u00f3nica fija; incluso con fallas de celular e internet, debido a infraestructura afectada por el fuego o por las altas temperaturas.<\/p>\n\n\n\n<p>Adem\u00e1s del incendio en Xilitla, este domingo el Comit\u00e9 Estatal de Manejo de Fuego inform\u00f3 que &nbsp;hay m\u00e1s incendios activos en varias partes del estado.<\/p>\n\n\n\n<p>Son dos incendios activos en el municipio de El Naranjo, uno en Tamasopo, dos en Ciudad del Ma\u00edz,uno en Lagunillas y uno m\u00e1s en Catorce.<\/p>\n\n\n\n<p>No se ha contabilizado a\u00fan la superficie de bosque y de pastizales devastados, pero podr\u00edan sumar miles de hect\u00e1reas.<\/p>\n\n\n\n<p>Seg\u00fan lo informado por Protecci\u00f3n Civil Estatal, para el combate a los ocho incendios que est\u00e1 activos en la entidad, se dispone apenas de dos helic\u00f3pteros del gobierno del estado y uno de la Secretar\u00eda de Marina. Las aeronaves hacer descargas de agua, traslado de brigadistas y traslado de v\u00edveres.<\/p>\n\n\n\n<p>Pero, la llegada tard\u00eda de las aeronaves sobrepas\u00f3 la capacidad de apagar totalmente el fuego y evitar un impacto de gran magnitud a reservas naturales y los ecosistemas dentro de ellas.<\/p>\n\n\n\n<p>El incendio que s\u00ed fue liquidado es el del ejido \u201cLas Pitas\u201d, en Ciudad Valles, y quedaron \u201ccontrolados\u201d el de \u201cJoya de las Vacas\u201d en Aquism\u00f3n, y el de \u201cLa Negrita\u201d en el municipio de Guadalc\u00e1zar.<\/p>\n","protected":false},"excerpt":{"rendered":"<p>A\u00fan hay ocho incendios activos en la entidad potosina <\/p>\n","protected":false},"author":4,"featured_media":35599,"comment_status":"closed","ping_status":"closed","sticky":false,"template":"","format":"standard","meta":{"_et_pb_use_builder":"off","_et_pb_old_content":"","_et_gb_content_width":"","footnotes":""},"categories":[412,62],"tags":[],"class_list":["post-35598","post","type-post","status-publish","format-standard","has-post-thumbnail","hentry","category-destacado","category-redaccion"],"_links":{"self":[{"href":"https:\/\/gerardoduque.com.mx\/index.php?rest_route=\/wp\/v2\/posts\/35598","targetHints":{"allow":["GET"]}}],"collection":[{"href":"https:\/\/gerardoduque.com.mx\/index.php?rest_route=\/wp\/v2\/posts"}],"about":[{"href":"https:\/\/gerardoduque.com.mx\/index.php?rest_route=\/wp\/v2\/types\/post"}],"author":[{"embeddable":true,"href":"https:\/\/gerardoduque.com.mx\/index.php?rest_route=\/wp\/v2\/users\/4"}],"replies":[{"embeddable":true,"href":"https:\/\/gerardoduque.com.mx\/index.php?rest_route=%2Fwp%2Fv2%2Fcomments&post=35598"}],"version-history":[{"count":0,"href":"https:\/\/gerardoduque.com.mx\/index.php?rest_route=\/wp\/v2\/posts\/35598\/revisions"}],"wp:featuredmedia":[{"embeddable":true,"href":"https:\/\/gerardoduque.com.mx\/index.php?rest_route=\/wp\/v2\/media\/35599"}],"wp:attachment":[{"href":"https:\/\/gerardoduque.com.mx\/index.php?rest_route=%2Fwp%2Fv2%2Fmedia&parent=35598"}],"wp:term":[{"taxonomy":"category","embeddable":true,"href":"https:\/\/gerardoduque.com.mx\/index.php?rest_route=%2Fwp%2Fv2%2Fcategories&post=35598"},{"taxonomy":"post_tag","embeddable":true,"href":"https:\/\/gerardoduque.com.mx\/index.php?rest_route=%2Fwp%2Fv2%2Ftags&post=35598"}],"curies":[{"name":"wp","href":"https:\/\/api.w.org\/{rel}","templated":true}]}}