{"id":35593,"date":"2025-04-06T22:58:46","date_gmt":"2025-04-07T04:58:46","guid":{"rendered":"https:\/\/gerardoduque.com.mx\/?p=35593"},"modified":"2025-04-06T23:07:05","modified_gmt":"2025-04-07T05:07:05","slug":"detienen-por-desaparicion-forzada-a-tres-policias-de-tamuin","status":"publish","type":"post","link":"https:\/\/gerardoduque.com.mx\/?p=35593","title":{"rendered":"TRES POLIC\u00cdAS DE TAMU\u00cdN DETENIDOS POR DESAPARICI\u00d3N FORZADA DE J\u00d3VENES"},"content":{"rendered":"\n<p>La noche de este domingo 06 de abril, la Fiscal\u00eda General del Estado de San Luis Potos\u00ed inform\u00f3 que tres agentes de Seguridad P\u00fablica del municipio de Tamu\u00edn fueron detenidos.<\/p>\n\n\n\n<p>De acuerdo a la FGE, hay elementos que indican que los oficiales Eduardo \u201cN\u201d, Daniel \u201cN\u201d y Jos\u00e9 \u201cN\u201d, estuvieron involucrados en la privaci\u00f3n ilegal de la libertad de dos j\u00f3venes.<\/p>\n\n\n\n<p>La Fiscal\u00eda estatal inform\u00f3 que trabaja en robustecer la carpeta de investigaci\u00f3n bajo el delito de desaparici\u00f3n forzada. Los polic\u00edas detenidos ser\u00e1n presentados ante un juez de control para que sean vinculados a proceso.<\/p>\n\n\n\n<p>El pasado 15 de marzo Leonardo y Brahyan (ambos de 18 a\u00f1os de edad) fueron interceptados por un comando armado en el acceso principal a la comandancia. Sujetos cubiertos del rostro los subieron con violencia a una camioneta y se los llevaron. Los hechos ocurrieron a plena luz del d\u00eda, a escasos metros del Ayuntamiento de Tamu\u00edn. &nbsp;<\/p>\n\n\n\n<p>Los hechos quedaron grabados a trav\u00e9s de un circuito de videovigilancia colocado al exterior de la propia corporaci\u00f3n municipal, y las im\u00e1genes se hicieron p\u00fablicas.<\/p>\n\n\n\n<p><strong>ANTECEDENTES<\/strong><\/p>\n\n\n\n<p>Tras la privaci\u00f3n ilegal de la libertad de los dos j\u00f3venes, el gobernador Ricardo Gallardo Cardona manifest\u00f3 tajantemente en entrevista, <strong>\u201cest\u00e1 investig\u00e1ndose a toda la Polic\u00eda Municipal de Tamu\u00edn\u201d<\/strong>. Diez d\u00edas despu\u00e9s, se confirm\u00f3 la destituci\u00f3n del director de esa corporaci\u00f3n, Eduardo Maldonado Torres. Entre otras irregularidades, se revel\u00f3 que Maldonado Torres hab\u00eda reprobado los ex\u00e1menes de control de confianza.<\/p>\n\n\n\n<p>Apenas a principios de febrero pasado, el alcalde Marcelino Bautista Rinc\u00f3n hab\u00eda descartado el separar del cargo a Eduardo Maldonado Torres, argumentando que era <strong>\u201cpersona de toda su confianza\u201d.<\/strong><\/p>\n\n\n\n<p>El 23 de marzo, tras ocho d\u00edas privados de la libertad, los dos j\u00f3venes fueron liberados. Hab\u00edan sido golpeados por sus secuestradores.<\/p>\n","protected":false},"excerpt":{"rendered":"<p>Vinculados al secuestro de dos j\u00f3venes ocurrido en marzo pasado <\/p>\n","protected":false},"author":4,"featured_media":35594,"comment_status":"closed","ping_status":"closed","sticky":false,"template":"","format":"standard","meta":{"_et_pb_use_builder":"off","_et_pb_old_content":"","_et_gb_content_width":"","footnotes":""},"categories":[412,62],"tags":[],"class_list":["post-35593","post","type-post","status-publish","format-standard","has-post-thumbnail","hentry","category-destacado","category-redaccion"],"_links":{"self":[{"href":"https:\/\/gerardoduque.com.mx\/index.php?rest_route=\/wp\/v2\/posts\/35593","targetHints":{"allow":["GET"]}}],"collection":[{"href":"https:\/\/gerardoduque.com.mx\/index.php?rest_route=\/wp\/v2\/posts"}],"about":[{"href":"https:\/\/gerardoduque.com.mx\/index.php?rest_route=\/wp\/v2\/types\/post"}],"author":[{"embeddable":true,"href":"https:\/\/gerardoduque.com.mx\/index.php?rest_route=\/wp\/v2\/users\/4"}],"replies":[{"embeddable":true,"href":"https:\/\/gerardoduque.com.mx\/index.php?rest_route=%2Fwp%2Fv2%2Fcomments&post=35593"}],"version-history":[{"count":0,"href":"https:\/\/gerardoduque.com.mx\/index.php?rest_route=\/wp\/v2\/posts\/35593\/revisions"}],"wp:featuredmedia":[{"embeddable":true,"href":"https:\/\/gerardoduque.com.mx\/index.php?rest_route=\/wp\/v2\/media\/35594"}],"wp:attachment":[{"href":"https:\/\/gerardoduque.com.mx\/index.php?rest_route=%2Fwp%2Fv2%2Fmedia&parent=35593"}],"wp:term":[{"taxonomy":"category","embeddable":true,"href":"https:\/\/gerardoduque.com.mx\/index.php?rest_route=%2Fwp%2Fv2%2Fcategories&post=35593"},{"taxonomy":"post_tag","embeddable":true,"href":"https:\/\/gerardoduque.com.mx\/index.php?rest_route=%2Fwp%2Fv2%2Ftags&post=35593"}],"curies":[{"name":"wp","href":"https:\/\/api.w.org\/{rel}","templated":true}]}}