{"id":35566,"date":"2025-04-06T00:46:32","date_gmt":"2025-04-06T06:46:32","guid":{"rendered":"https:\/\/gerardoduque.com.mx\/?p=35566"},"modified":"2025-04-06T00:46:41","modified_gmt":"2025-04-06T06:46:41","slug":"tras-una-semana-activo-sonia-mendoza-asegura-que-incendio-en-xilitla-esta-70-controlado","status":"publish","type":"post","link":"https:\/\/gerardoduque.com.mx\/?p=35566","title":{"rendered":"TRAS UNA SEMANA ACTIVO, SONIA MENDOZA ASEGURA QUE INCENDIO EN XILITLA EST\u00c1 70% CONTROLADO"},"content":{"rendered":"\n<p>La noche de este s\u00e1bado, a trav\u00e9s de un comunicado de prensa, el Comit\u00e9 Estatal del Manejo del Fuego inform\u00f3 que contin\u00faan los trabajos para controlar <a><\/a>el incendio forestal registrado en la Sierra de Buenavista, perteneciente al ejido de Soledad, en el municipio de Xilitla.<\/p>\n\n\n\n<p>En la zona afectada se encuentra operando de manera coordinada personal de los tres niveles de gobierno, incluyendo brigadas especializadas y un helic\u00f3ptero que realiza entre cinco y seis descargas de agua por jornada.<\/p>\n\n\n\n<p>De acuerdo Sonia Mendoza D\u00edaz, titular de la Secretar\u00eda de Ecolog\u00eda y Gesti\u00f3n Ambiental (SEGAM), el incendio \u201c\ud835\ude6e\ud835\ude56 \ud835\ude68\ud835\ude5a \ud835\ude5a\ud835\ude63\ud835\ude58\ud835\ude6a\ud835\ude5a\ud835\ude63\ud835\ude69\ud835\ude67\ud835\ude56 \ud835\ude5a\ud835\ude63 \ud835\ude6a\ud835\ude63\ud835\ude56 \ud835\ude5b\ud835\ude56\ud835\ude68\ud835\ude5a \ud835\ude59\ud835\ude5a \ud835\ude58\ud835\ude64\ud835\ude63\ud835\ude69\ud835\ude67\ud835\ude64\ud835\ude61 \ud835\ude59\ud835\ude5a\ud835\ude61 70% \ud835\ude6e \ud835\ude65\ud835\ude56\ud835\ude67\ud835\ude56 \ud835\ude5a\ud835\ude61 \ud835\ude59\ud835\ude5e\u0301\ud835\ude56 \ud835\ude59\ud835\ude5a \ud835\ude62\ud835\ude56\ud835\ude63\u0303\ud835\ude56\ud835\ude63\ud835\ude56 (\ud835\ude59\ud835\ude64\ud835\ude62\ud835\ude5e\ud835\ude63\ud835\ude5c\ud835\ude64) \ud835\ude65\ud835\ude64\ud835\ude67 \ud835\ude61\ud835\ude56 \ud835\ude62\ud835\ude56\ud835\ude63\u0303\ud835\ude56\ud835\ude63\ud835\ude56 \ud835\ude68\ud835\ude5a \ud835\ude5a\ud835\ude68\ud835\ude65\ud835\ude5a\ud835\ude67\ud835\ude56 \ud835\ude69\ud835\ude5a\ud835\ude63\ud835\ude5a\ud835\ude67\ud835\ude61\ud835\ude64 \ud835\ude58\ud835\ude64\ud835\ude63\ud835\ude69\ud835\ude67\ud835\ude64\ud835\ude61\ud835\ude56\ud835\ude59\ud835\ude64 \ud835\ude5a\ud835\ude63 \ud835\ude6a\ud835\ude63 80%\u201d.<\/p>\n\n\n\n<p>En el frente de combate al fuego participan cientos de voluntarios de diversas localidades, as\u00ed como personal de Protecci\u00f3n Civil estatal y municipal, as\u00ed como elementos de la Comisi\u00f3n Nacional Forestal (CONAFOR).<\/p>\n","protected":false},"excerpt":{"rendered":"<p>El fuego sigue consumiendo extensas \u00e1reas de bosque <\/p>\n","protected":false},"author":4,"featured_media":35567,"comment_status":"closed","ping_status":"closed","sticky":false,"template":"","format":"standard","meta":{"_et_pb_use_builder":"off","_et_pb_old_content":"","_et_gb_content_width":"","footnotes":""},"categories":[412,62],"tags":[],"class_list":["post-35566","post","type-post","status-publish","format-standard","has-post-thumbnail","hentry","category-destacado","category-redaccion"],"_links":{"self":[{"href":"https:\/\/gerardoduque.com.mx\/index.php?rest_route=\/wp\/v2\/posts\/35566","targetHints":{"allow":["GET"]}}],"collection":[{"href":"https:\/\/gerardoduque.com.mx\/index.php?rest_route=\/wp\/v2\/posts"}],"about":[{"href":"https:\/\/gerardoduque.com.mx\/index.php?rest_route=\/wp\/v2\/types\/post"}],"author":[{"embeddable":true,"href":"https:\/\/gerardoduque.com.mx\/index.php?rest_route=\/wp\/v2\/users\/4"}],"replies":[{"embeddable":true,"href":"https:\/\/gerardoduque.com.mx\/index.php?rest_route=%2Fwp%2Fv2%2Fcomments&post=35566"}],"version-history":[{"count":0,"href":"https:\/\/gerardoduque.com.mx\/index.php?rest_route=\/wp\/v2\/posts\/35566\/revisions"}],"wp:featuredmedia":[{"embeddable":true,"href":"https:\/\/gerardoduque.com.mx\/index.php?rest_route=\/wp\/v2\/media\/35567"}],"wp:attachment":[{"href":"https:\/\/gerardoduque.com.mx\/index.php?rest_route=%2Fwp%2Fv2%2Fmedia&parent=35566"}],"wp:term":[{"taxonomy":"category","embeddable":true,"href":"https:\/\/gerardoduque.com.mx\/index.php?rest_route=%2Fwp%2Fv2%2Fcategories&post=35566"},{"taxonomy":"post_tag","embeddable":true,"href":"https:\/\/gerardoduque.com.mx\/index.php?rest_route=%2Fwp%2Fv2%2Ftags&post=35566"}],"curies":[{"name":"wp","href":"https:\/\/api.w.org\/{rel}","templated":true}]}}