{"id":35545,"date":"2025-04-05T07:03:52","date_gmt":"2025-04-05T13:03:52","guid":{"rendered":"https:\/\/gerardoduque.com.mx\/?p=35545"},"modified":"2025-04-05T07:04:00","modified_gmt":"2025-04-05T13:04:00","slug":"arranca-operativo-semana-santa-segura-2025-en-el-estado","status":"publish","type":"post","link":"https:\/\/gerardoduque.com.mx\/?p=35545","title":{"rendered":"ARRANCA OPERATIVO \u00abSEMANA SANTA SEGURA 2025\u00bb EN EL ESTADO"},"content":{"rendered":"\n<p>El Gobernador de San Luis Potos\u00ed Ricardo Gallardo Cardona, dio inicio al operativo \u201cSemana Santa Segura 2025\u201d, que tiene como objetivo de garantizar la paz y tranquilidad a las familias potosinas y turistas en carreteras y parajes tur\u00edsticos del Estado. Dicho operativo contar\u00e1 con la participaci\u00f3n de m\u00e1s de 2 mil elementos de la Guardia Civil Estatal y estar\u00e1 activo hasta el 25 de abril.<\/p>\n\n\n\n<p>Desde la plaza de la Lealtad, el Gobernador inst\u00f3 a los participantes a actuar con responsabilidad y respeto a los derechos humanos, destacando la importancia de proteger a los ciudadanos y visitantes durante las actividades religiosas y culturales de la temporada.<\/p>\n\n\n\n<p>Gallardo Cardona agradeci\u00f3 la participaci\u00f3n de la Secretar\u00eda de la Defensa Nacional, la Guardia Nacional y otras instituciones en el operativo, que forman parte de la estrategia de seguridad en el estado.<\/p>\n","protected":false},"excerpt":{"rendered":"<p>Dicho operativo contar\u00e1 con la participaci\u00f3n de m\u00e1s de 2 mil elementos de la Guardia Civil Estatal y estar\u00e1 activo hasta el 25 de abril.<\/p>\n","protected":false},"author":4,"featured_media":35546,"comment_status":"closed","ping_status":"closed","sticky":false,"template":"","format":"standard","meta":{"_et_pb_use_builder":"off","_et_pb_old_content":"","_et_gb_content_width":"","footnotes":""},"categories":[412,280],"tags":[72,66],"class_list":["post-35545","post","type-post","status-publish","format-standard","has-post-thumbnail","hentry","category-destacado","category-gob-slp","tag-gobierno-del-estado","tag-san-luis-potosi"],"_links":{"self":[{"href":"https:\/\/gerardoduque.com.mx\/index.php?rest_route=\/wp\/v2\/posts\/35545","targetHints":{"allow":["GET"]}}],"collection":[{"href":"https:\/\/gerardoduque.com.mx\/index.php?rest_route=\/wp\/v2\/posts"}],"about":[{"href":"https:\/\/gerardoduque.com.mx\/index.php?rest_route=\/wp\/v2\/types\/post"}],"author":[{"embeddable":true,"href":"https:\/\/gerardoduque.com.mx\/index.php?rest_route=\/wp\/v2\/users\/4"}],"replies":[{"embeddable":true,"href":"https:\/\/gerardoduque.com.mx\/index.php?rest_route=%2Fwp%2Fv2%2Fcomments&post=35545"}],"version-history":[{"count":0,"href":"https:\/\/gerardoduque.com.mx\/index.php?rest_route=\/wp\/v2\/posts\/35545\/revisions"}],"wp:featuredmedia":[{"embeddable":true,"href":"https:\/\/gerardoduque.com.mx\/index.php?rest_route=\/wp\/v2\/media\/35546"}],"wp:attachment":[{"href":"https:\/\/gerardoduque.com.mx\/index.php?rest_route=%2Fwp%2Fv2%2Fmedia&parent=35545"}],"wp:term":[{"taxonomy":"category","embeddable":true,"href":"https:\/\/gerardoduque.com.mx\/index.php?rest_route=%2Fwp%2Fv2%2Fcategories&post=35545"},{"taxonomy":"post_tag","embeddable":true,"href":"https:\/\/gerardoduque.com.mx\/index.php?rest_route=%2Fwp%2Fv2%2Ftags&post=35545"}],"curies":[{"name":"wp","href":"https:\/\/api.w.org\/{rel}","templated":true}]}}