{"id":35531,"date":"2025-04-04T22:03:15","date_gmt":"2025-04-05T04:03:15","guid":{"rendered":"https:\/\/gerardoduque.com.mx\/?p=35531"},"modified":"2025-04-04T22:23:20","modified_gmt":"2025-04-05T04:23:20","slug":"nueve-incendios-activos-en-la-entidad-potosina-reportan-autoridades","status":"publish","type":"post","link":"https:\/\/gerardoduque.com.mx\/?p=35531","title":{"rendered":"NUEVE INCENDIOS ACTIVOS EN LA ENTIDAD POTOSINA REPORTAN AUTORIDADES"},"content":{"rendered":"\n<p>El Comit\u00e9 del Manejo del Fuego conformado por la Comisi\u00f3n Nacional Forestal (Conafor), la Secretar\u00eda de Ecolog\u00eda y Gesti\u00f3n Ambiental (Segam) y la Coordinaci\u00f3n Estatal de Protecci\u00f3n Civil (CEPC), informaron que actualmente hay activos nueve incendios forestales:<\/p>\n\n\n\n<p>Uno en Xilitla, tres en El Naranjo, dos de Ciudad del Ma\u00edz, uno en Tamasopo, uno en Lagunillas y uno en Ciudad Valles.<\/p>\n\n\n\n<p>El titular de Protecci\u00f3n Civil Estatal, Mauricio Ordaz Flores detall\u00f3 que estos incendios se activaron entre el mi\u00e9rcoles y jueves, a excepci\u00f3n del de Xilitla que tiene desde el 30 de marzo, por lo que, brigadistas realizaron labores de inmediato.<\/p>\n\n\n\n<p>Mayormente son voluntarios de las propias comunidades quienes se han abocado al intenso combate de los siniestros en El Naranjo, Rioverde, Santa Catarina y Mexquitic de Carmona.<\/p>\n\n\n\n<p>Las autoridades precisaron que, al momento, estos incendios han afectado de manera preliminar 214 hect\u00e1reas y trabajan 370 combatientes.<\/p>\n\n\n\n<p>Adem\u00e1s, anunciaron que desde este viernes se contar\u00e1 con el apoyo del MI-17 de la Marina, MI-17 de la Guardia Nacional, el Bulldozer de la Secretar\u00eda de Desarrollo Agropecuario y Recursos Hidr\u00e1ulicos (Sedarh) y dos helic\u00f3pteros de Gobierno del Estado.<\/p>\n\n\n\n<p>Seg\u00fan las autoridades, en total en esta temporada cr\u00edtica se han registrado 61 incendios, dejando m\u00e1s 8 mil 200 hect\u00e1reas afectadas.<\/p>\n\n\n\n<p>Se reitera el llamado a la poblaci\u00f3n a fortalecer las medidas preventivas, como: evitar realizar fogatas, no arrojar colillas de cigarros u objetos de vidrio en \u00e1reas verdes o bosques y no realizar quemas agr\u00edcolas en horarios no permitidos.<\/p>\n","protected":false},"excerpt":{"rendered":"<p>En Xilitla, El Naranjo, Ciudad del Ma\u00edz, Tamasopo, Lagunillas y Ciudad Valles.<\/p>\n","protected":false},"author":4,"featured_media":35532,"comment_status":"closed","ping_status":"closed","sticky":false,"template":"","format":"standard","meta":{"_et_pb_use_builder":"off","_et_pb_old_content":"","_et_gb_content_width":"","footnotes":""},"categories":[412,62],"tags":[],"class_list":["post-35531","post","type-post","status-publish","format-standard","has-post-thumbnail","hentry","category-destacado","category-redaccion"],"_links":{"self":[{"href":"https:\/\/gerardoduque.com.mx\/index.php?rest_route=\/wp\/v2\/posts\/35531","targetHints":{"allow":["GET"]}}],"collection":[{"href":"https:\/\/gerardoduque.com.mx\/index.php?rest_route=\/wp\/v2\/posts"}],"about":[{"href":"https:\/\/gerardoduque.com.mx\/index.php?rest_route=\/wp\/v2\/types\/post"}],"author":[{"embeddable":true,"href":"https:\/\/gerardoduque.com.mx\/index.php?rest_route=\/wp\/v2\/users\/4"}],"replies":[{"embeddable":true,"href":"https:\/\/gerardoduque.com.mx\/index.php?rest_route=%2Fwp%2Fv2%2Fcomments&post=35531"}],"version-history":[{"count":0,"href":"https:\/\/gerardoduque.com.mx\/index.php?rest_route=\/wp\/v2\/posts\/35531\/revisions"}],"wp:featuredmedia":[{"embeddable":true,"href":"https:\/\/gerardoduque.com.mx\/index.php?rest_route=\/wp\/v2\/media\/35532"}],"wp:attachment":[{"href":"https:\/\/gerardoduque.com.mx\/index.php?rest_route=%2Fwp%2Fv2%2Fmedia&parent=35531"}],"wp:term":[{"taxonomy":"category","embeddable":true,"href":"https:\/\/gerardoduque.com.mx\/index.php?rest_route=%2Fwp%2Fv2%2Fcategories&post=35531"},{"taxonomy":"post_tag","embeddable":true,"href":"https:\/\/gerardoduque.com.mx\/index.php?rest_route=%2Fwp%2Fv2%2Ftags&post=35531"}],"curies":[{"name":"wp","href":"https:\/\/api.w.org\/{rel}","templated":true}]}}