{"id":35503,"date":"2025-04-03T21:56:28","date_gmt":"2025-04-04T03:56:28","guid":{"rendered":"https:\/\/gerardoduque.com.mx\/?p=35503"},"modified":"2025-04-03T21:56:36","modified_gmt":"2025-04-04T03:56:36","slug":"grupos-ajenos-buscan-aduenarse-de-recursos-dirigidos-a-los-pueblos-indigenas","status":"publish","type":"post","link":"https:\/\/gerardoduque.com.mx\/?p=35503","title":{"rendered":"GRUPOS AJENOS BUSCAN ADUE\u00d1ARSE DE RECURSOS DIRIGIDOS A LOS PUEBLOS IND\u00cdGENAS"},"content":{"rendered":"\n<p>Por: Samuel Rodr\u00edguez \/ EL CANDIDATO MX<\/p>\n\n\n\n<p>El delegado de la Secretar\u00eda del Bienestar en San Luis Potos\u00ed, Guillermo Morales L\u00f3pez denunci\u00f3 que grupos ajenos a la dependencia pretend\u00edan hacerse de recursos dirigidos a los pueblos y comunidades ind\u00edgenas del estado, haci\u00e9ndose pasar por gestores o personas dedicadas a organizar los comit\u00e9s para recibir estos recursos.<\/p>\n\n\n\n<p>Record\u00f3 que es la primera vez que se aplica este componente del Fondo de Aportaciones a la Infraestructura Social (FAIS) denominado \u201cFondo Ind\u00edgena\u201d para otorgar directamente m\u00e1s de 12 mil millones de pesos a nivel nacional a Pueblos y Comunidades Ind\u00edgenas que integren sus comit\u00e9s de las obras en las que quieran que se destine el recurso.<\/p>\n\n\n\n<p>Lamentablemente se han recibido reportes de que grupos que no pertenecen a la Secretar\u00eda del Bienestar o al Instituto Nacional de los Pueblos y Comunidades Ind\u00edgenas, hab\u00edan estado haciendo reuniones para la conformaci\u00f3n de supuestos comit\u00e9s con la idea de que a ellos se les diera el recurso.<\/p>\n\n\n\n<p>Dijo adem\u00e1s que es un tema que ya se est\u00e1 revisando, pero el esp\u00edritu del programa es entregarle el recurso directamente a los pueblos y comunidades ind\u00edgenas sin intermediarios, por lo que pidi\u00f3 tranquilidad a las personas de estos lugares y que sepan que a la fecha no se ha conformado un solo Comit\u00e9, apenas se est\u00e1n realizando las reuniones informativas para dar a conocer las reglas de operaci\u00f3n de este programa.<\/p>\n","protected":false},"excerpt":{"rendered":"<p>POR: Samuel Rodr\u00edguez \/ El Candidato MX <\/p>\n","protected":false},"author":4,"featured_media":35504,"comment_status":"closed","ping_status":"closed","sticky":false,"template":"","format":"standard","meta":{"_et_pb_use_builder":"off","_et_pb_old_content":"","_et_gb_content_width":"","footnotes":""},"categories":[412,62],"tags":[],"class_list":["post-35503","post","type-post","status-publish","format-standard","has-post-thumbnail","hentry","category-destacado","category-redaccion"],"_links":{"self":[{"href":"https:\/\/gerardoduque.com.mx\/index.php?rest_route=\/wp\/v2\/posts\/35503","targetHints":{"allow":["GET"]}}],"collection":[{"href":"https:\/\/gerardoduque.com.mx\/index.php?rest_route=\/wp\/v2\/posts"}],"about":[{"href":"https:\/\/gerardoduque.com.mx\/index.php?rest_route=\/wp\/v2\/types\/post"}],"author":[{"embeddable":true,"href":"https:\/\/gerardoduque.com.mx\/index.php?rest_route=\/wp\/v2\/users\/4"}],"replies":[{"embeddable":true,"href":"https:\/\/gerardoduque.com.mx\/index.php?rest_route=%2Fwp%2Fv2%2Fcomments&post=35503"}],"version-history":[{"count":0,"href":"https:\/\/gerardoduque.com.mx\/index.php?rest_route=\/wp\/v2\/posts\/35503\/revisions"}],"wp:featuredmedia":[{"embeddable":true,"href":"https:\/\/gerardoduque.com.mx\/index.php?rest_route=\/wp\/v2\/media\/35504"}],"wp:attachment":[{"href":"https:\/\/gerardoduque.com.mx\/index.php?rest_route=%2Fwp%2Fv2%2Fmedia&parent=35503"}],"wp:term":[{"taxonomy":"category","embeddable":true,"href":"https:\/\/gerardoduque.com.mx\/index.php?rest_route=%2Fwp%2Fv2%2Fcategories&post=35503"},{"taxonomy":"post_tag","embeddable":true,"href":"https:\/\/gerardoduque.com.mx\/index.php?rest_route=%2Fwp%2Fv2%2Ftags&post=35503"}],"curies":[{"name":"wp","href":"https:\/\/api.w.org\/{rel}","templated":true}]}}