{"id":35485,"date":"2025-04-03T13:01:39","date_gmt":"2025-04-03T19:01:39","guid":{"rendered":"https:\/\/gerardoduque.com.mx\/?p=35485"},"modified":"2025-04-03T13:01:49","modified_gmt":"2025-04-03T19:01:49","slug":"reportan-avences-en-la-solucion-del-conflicto-laboral-con-empresa-valeo","status":"publish","type":"post","link":"https:\/\/gerardoduque.com.mx\/?p=35485","title":{"rendered":"REPORTAN AVENCES EN LA SOLUCI\u00d3N DEL CONFLICTO LABORAL CON EMPRESA VALEO"},"content":{"rendered":"\n<p>La Secretar\u00eda del Trabajo y Previsi\u00f3n Social, en coordinaci\u00f3n con la Secretar\u00eda de Desarrollo Econ\u00f3mico lograron un importante acuerdo con la empresa Valeo, lo cual representa un avance significativo para destrabar un conflicto laboral de a\u00f1os atr\u00e1s.<\/p>\n\n\n\n<p>El titular de la STPS dijo que, con la finalidad de mantener un clima de armon\u00eda laboral, ponderando siempre el inter\u00e9s de los trabajadores potosinos y la confianza de inversionistas se logr\u00f3 un dialogo constante y la voluntad de las partes.<\/p>\n\n\n\n<p>La empresa va a llevar a cabo un primer pago como adelanto del concepto denominado Participaci\u00f3n de los Trabajadores en las Utilidades (PTU), correspondiente al ejercicio fiscal 2016, equivalente a una tercera parte del monto acordado, beneficiando as\u00ed a trabajadores y ex trabajadores que formaban parte del proceso.<\/p>\n","protected":false},"excerpt":{"rendered":"<p>Se concreta primer pago de Participaci\u00f3n de los Trabajadores en las Utilidades, correspondiente al ejercicio fiscal 2016 a trabajadores y ex trabajadores.<\/p>\n","protected":false},"author":4,"featured_media":35486,"comment_status":"closed","ping_status":"closed","sticky":false,"template":"","format":"standard","meta":{"_et_pb_use_builder":"off","_et_pb_old_content":"","_et_gb_content_width":"","footnotes":""},"categories":[412,280],"tags":[72,66,201,83],"class_list":["post-35485","post","type-post","status-publish","format-standard","has-post-thumbnail","hentry","category-destacado","category-gob-slp","tag-gobierno-del-estado","tag-san-luis-potosi","tag-sedeco","tag-stps"],"_links":{"self":[{"href":"https:\/\/gerardoduque.com.mx\/index.php?rest_route=\/wp\/v2\/posts\/35485","targetHints":{"allow":["GET"]}}],"collection":[{"href":"https:\/\/gerardoduque.com.mx\/index.php?rest_route=\/wp\/v2\/posts"}],"about":[{"href":"https:\/\/gerardoduque.com.mx\/index.php?rest_route=\/wp\/v2\/types\/post"}],"author":[{"embeddable":true,"href":"https:\/\/gerardoduque.com.mx\/index.php?rest_route=\/wp\/v2\/users\/4"}],"replies":[{"embeddable":true,"href":"https:\/\/gerardoduque.com.mx\/index.php?rest_route=%2Fwp%2Fv2%2Fcomments&post=35485"}],"version-history":[{"count":0,"href":"https:\/\/gerardoduque.com.mx\/index.php?rest_route=\/wp\/v2\/posts\/35485\/revisions"}],"wp:featuredmedia":[{"embeddable":true,"href":"https:\/\/gerardoduque.com.mx\/index.php?rest_route=\/wp\/v2\/media\/35486"}],"wp:attachment":[{"href":"https:\/\/gerardoduque.com.mx\/index.php?rest_route=%2Fwp%2Fv2%2Fmedia&parent=35485"}],"wp:term":[{"taxonomy":"category","embeddable":true,"href":"https:\/\/gerardoduque.com.mx\/index.php?rest_route=%2Fwp%2Fv2%2Fcategories&post=35485"},{"taxonomy":"post_tag","embeddable":true,"href":"https:\/\/gerardoduque.com.mx\/index.php?rest_route=%2Fwp%2Fv2%2Ftags&post=35485"}],"curies":[{"name":"wp","href":"https:\/\/api.w.org\/{rel}","templated":true}]}}