{"id":35481,"date":"2025-04-03T12:38:30","date_gmt":"2025-04-03T18:38:30","guid":{"rendered":"https:\/\/gerardoduque.com.mx\/?p=35481"},"modified":"2025-04-03T12:39:36","modified_gmt":"2025-04-03T18:39:36","slug":"calor-extremo-se-prolonga-hasta-el-sabado-en-la-huasteca","status":"publish","type":"post","link":"https:\/\/gerardoduque.com.mx\/?p=35481","title":{"rendered":"CALOR EXTREMO SE PROLONGA EN LA HUASTECA HASTA EL S\u00c1BADO"},"content":{"rendered":"\n<p>La Coordinaci\u00f3n Estatal de Protecci\u00f3n Civil ha emitido una Alerta para que la poblaci\u00f3n extreme medidas de autoprotecci\u00f3n debido a que en las pr\u00f3ximas horas se espera un mayor incremento en las temperaturas.<\/p>\n\n\n\n<p><strong><em>\u201cEl golpe de calor hay que tener en cuenta que es una emergencia m\u00e9dica, es una condici\u00f3n en la que el cuerpo no puede controlar la temperatura corporal, normalmente excede los 41 grados de temperatura y el paciente empieza a experimentar somnolencia, dolor de cabeza, n\u00e1useas, v\u00f3mito, incluso hasta crisis convulsiva\u201d<\/em><\/strong>, explic\u00f3 el doctor \u00c1ngel S\u00e1nchez Pacheco, Jefe de la Jurisdicci\u00f3n Sanitaria V, con sede en Ciudad Valles.<\/p>\n\n\n\n<p>En la regi\u00f3n Huasteca el term\u00f3metro alcanzar\u00e1 los 45 grados cent\u00edgrados.<\/p>\n\n\n\n<p>Si una persona se encuentra a la intemperie bajo el sol, el cuerpo humano experimentar\u00eda una sensaci\u00f3n t\u00e9rmica superior a cincuenta grados, lo que puede desencadenar un \u201cgolpe de calor\u201d.<\/p>\n\n\n\n<p>La persona debe ser trasladada de inmediato a una unidad de salud, porque de no recibir atenci\u00f3n m\u00e9dica oportuna las consecuencias podr\u00edan ser fatales.<\/p>\n\n\n\n<p>El a\u00f1o pasado m\u00e1s de una decena de personas fallecieron en la entidad potosina debido al \u201cgolpe de calor\u201d.<\/p>\n\n\n\n<p><strong><em>\u201cPrecisamente hace un a\u00f1o esto se ve\u00eda, pero pues ahora s\u00ed que lo esper\u00e1bamos como para mayo, y ahorita pues se nos adelant\u00f3 b\u00e1sicamente, el viento a veces est\u00e1 calient\u00edsimo y ya no puede uno estar ni adentro ni afuera del hogar\u201d,<\/em><\/strong> expres\u00f3 Cecilia, habitante de Ciudad Valles.<\/p>\n\n\n\n<p>Don Jos\u00e9 Santos es comerciante. Desde hace treinta a\u00f1os se dedica a vender fruta y aguas frescas en la Glorieta Hidalgo de Ciudad Valles: <strong><em>\u201cSi nos toca igual que el a\u00f1o pasado va a ser algo grave\u2026 la gente busca mucho las aguas frescas, busca lo que es la fruta natural y de hecho s\u00ed repuntan un poquito las ventas\u2026\u201d<\/em><\/strong><\/p>\n\n\n\n<p>Las temperaturas muy elevadas incrementan el potencial de que se desarrollen incendios forestales, por ello se llama a la poblaci\u00f3n a evitar las quemas agr\u00edcolas.<\/p>\n\n\n\n<p><strong><em>\u201cTenemos temperaturas altas en todo lo que es esta semana, est\u00e1 programada la alerta hasta el d\u00eda s\u00e1bado\u2026 recordemos que el a\u00f1o pasado incluso en algunos d\u00edas rebas\u00f3 la capacidad de las unidades de emergencia, en esta ocasi\u00f3n estamos previni\u00e9ndonos\u201d,<\/em><\/strong> dijo en entrevista Miguel \u00c1ngel S\u00e1nchez Hern\u00e1ndez, coordinador de Protecci\u00f3n Civil municipal en Valles.<\/p>\n\n\n\n<p>Las autoridades llaman a la poblaci\u00f3n a hidratarse y consumir alimentos sanos. Se recomienda que la gente evite exponerse de forma prolongada bajo el sol entre las once de la ma\u00f1ana y las cuatro de la tarde. De preferencia usar gorra o sombrero, vestir ropa ligera y de colores claros, y ponerse protector solar.<\/p>\n","protected":false},"excerpt":{"rendered":"<p>La sensaci\u00f3n t\u00e9rmica podr\u00eda llegar a 50\u00b0C<\/p>\n","protected":false},"author":4,"featured_media":35482,"comment_status":"closed","ping_status":"closed","sticky":false,"template":"","format":"standard","meta":{"_et_pb_use_builder":"off","_et_pb_old_content":"","_et_gb_content_width":"","footnotes":""},"categories":[412,62],"tags":[],"class_list":["post-35481","post","type-post","status-publish","format-standard","has-post-thumbnail","hentry","category-destacado","category-redaccion"],"_links":{"self":[{"href":"https:\/\/gerardoduque.com.mx\/index.php?rest_route=\/wp\/v2\/posts\/35481","targetHints":{"allow":["GET"]}}],"collection":[{"href":"https:\/\/gerardoduque.com.mx\/index.php?rest_route=\/wp\/v2\/posts"}],"about":[{"href":"https:\/\/gerardoduque.com.mx\/index.php?rest_route=\/wp\/v2\/types\/post"}],"author":[{"embeddable":true,"href":"https:\/\/gerardoduque.com.mx\/index.php?rest_route=\/wp\/v2\/users\/4"}],"replies":[{"embeddable":true,"href":"https:\/\/gerardoduque.com.mx\/index.php?rest_route=%2Fwp%2Fv2%2Fcomments&post=35481"}],"version-history":[{"count":0,"href":"https:\/\/gerardoduque.com.mx\/index.php?rest_route=\/wp\/v2\/posts\/35481\/revisions"}],"wp:featuredmedia":[{"embeddable":true,"href":"https:\/\/gerardoduque.com.mx\/index.php?rest_route=\/wp\/v2\/media\/35482"}],"wp:attachment":[{"href":"https:\/\/gerardoduque.com.mx\/index.php?rest_route=%2Fwp%2Fv2%2Fmedia&parent=35481"}],"wp:term":[{"taxonomy":"category","embeddable":true,"href":"https:\/\/gerardoduque.com.mx\/index.php?rest_route=%2Fwp%2Fv2%2Fcategories&post=35481"},{"taxonomy":"post_tag","embeddable":true,"href":"https:\/\/gerardoduque.com.mx\/index.php?rest_route=%2Fwp%2Fv2%2Ftags&post=35481"}],"curies":[{"name":"wp","href":"https:\/\/api.w.org\/{rel}","templated":true}]}}